{"id":99380,"date":"2026-04-25T13:49:53","date_gmt":"2026-04-25T19:49:53","guid":{"rendered":"https:\/\/informacionatiempo.com\/?p=99380"},"modified":"2026-04-25T13:49:54","modified_gmt":"2026-04-25T19:49:54","slug":"afecta-lesion-actividad-de-alcaraz","status":"publish","type":"post","link":"https:\/\/informacionatiempo.com\/index.php\/2026\/04\/25\/afecta-lesion-actividad-de-alcaraz\/","title":{"rendered":"Afecta lesi\u00f3n actividad de Alcaraz"},"content":{"rendered":"\n<p>Carlos Alcaraz no podr\u00e1 jugar en busca de un tercer t\u00edtulo consecutivo del Abierto de Francia debido a una lesi\u00f3n en la mu\u00f1eca derecha.<\/p>\n\n\n\n<p>Alcaraz, n\u00famero 2 en el ranking, public\u00f3 en X el viernes que tampoco jugar\u00eda el previo Abierto de Italia, en Roma, que tambi\u00e9n conquist\u00f3 el a\u00f1o pasado.<\/p>\n\n\n\n<p>El astro espa\u00f1ol se lesion\u00f3 este mes en el Abierto de Barcelona durante su victoria en primera ronda. Se retir\u00f3 al d\u00eda siguiente.<\/p>\n\n\n\n<p>Se baj\u00f3 del Abierto de Madrid de esta semana y asisti\u00f3 a los Premios Laureus del Deporte Mundial en la capital espa\u00f1ola el lunes con la mu\u00f1eca inmovilizada. Alcaraz fue nombrado deportista mundial del a\u00f1o. Alcaraz confirm\u00f3 que no ir\u00eda a Par\u00eds despu\u00e9s de someterse a m\u00e1s pruebas m\u00e9dicas el viernes.<\/p>\n\n\n\n<p>Alcaraz comenz\u00f3 el a\u00f1o en una forma sensacional. Venci\u00f3 a Djokovic en la final del Abierto de Australia, convirti\u00e9ndose en el hombre m\u00e1s joven de la historia en conquistar los cuatro t\u00edtulos grandes del tenis. Desde entonces solo ha ganado un t\u00edtulo \u2014el de Doha en febrero\u2014 y se quedar\u00e1 sin trofeos en los principales torneos sobre arcilla. Perdi\u00f3 la final de Montecarlo ante Jannik Sinner a comienzos de este mes y cedi\u00f3 el n\u00famero 1 del ranking a su rival italiano.<\/p>\n","protected":false},"excerpt":{"rendered":"<p>Carlos Alcaraz no podr\u00e1 jugar en busca de un tercer t\u00edtulo consecutivo del Abierto de Francia debido a una lesi\u00f3n en la mu\u00f1eca derecha. Alcaraz, n\u00famero 2 en el ranking, public\u00f3 en X el viernes que tampoco jugar\u00eda el previo Abierto de Italia, en Roma, que tambi\u00e9n conquist\u00f3 el a\u00f1o pasado. El astro espa\u00f1ol se [&hellip;]<\/p>\n","protected":false},"author":1,"featured_media":99381,"comment_status":"open","ping_status":"open","sticky":false,"template":"","format":"standard","meta":{"inline_featured_image":false,"footnotes":""},"categories":[97],"tags":[],"class_list":["post-99380","post","type-post","status-publish","format-standard","has-post-thumbnail","hentry","category-deportes"],"yoast_head":"<!-- This site is optimized with the Yoast SEO plugin v27.4 - https:\/\/yoast.com\/product\/yoast-seo-wordpress\/ -->\n<title>Afecta lesi\u00f3n actividad de Alcaraz - Informacion a Tiempo<\/title>\n<meta name=\"robots\" content=\"index, follow, max-snippet:-1, max-image-preview:large, max-video-preview:-1\" \/>\n<link rel=\"canonical\" href=\"https:\/\/informacionatiempo.com\/index.php\/2026\/04\/25\/afecta-lesion-actividad-de-alcaraz\/\" \/>\n<meta property=\"og:locale\" content=\"es_ES\" \/>\n<meta property=\"og:type\" content=\"article\" \/>\n<meta property=\"og:title\" content=\"Afecta lesi\u00f3n actividad de Alcaraz - Informacion a Tiempo\" \/>\n<meta property=\"og:description\" content=\"Carlos Alcaraz no podr\u00e1 jugar en busca de un tercer t\u00edtulo consecutivo del Abierto de Francia debido a una lesi\u00f3n en la mu\u00f1eca derecha. Alcaraz, n\u00famero 2 en el ranking, public\u00f3 en X el viernes que tampoco jugar\u00eda el previo Abierto de Italia, en Roma, que tambi\u00e9n conquist\u00f3 el a\u00f1o pasado. El astro espa\u00f1ol se [&hellip;]\" \/>\n<meta property=\"og:url\" content=\"https:\/\/informacionatiempo.com\/index.php\/2026\/04\/25\/afecta-lesion-actividad-de-alcaraz\/\" \/>\n<meta property=\"og:site_name\" content=\"Informacion a Tiempo\" \/>\n<meta property=\"article:published_time\" content=\"2026-04-25T19:49:53+00:00\" \/>\n<meta property=\"article:modified_time\" content=\"2026-04-25T19:49:54+00:00\" \/>\n<meta property=\"og:image\" content=\"https:\/\/informacionatiempo.com\/wp-content\/uploads\/2026\/04\/35.-Afecta-lesion-activi.jpg\" \/>\n\t<meta property=\"og:image:width\" content=\"780\" \/>\n\t<meta property=\"og:image:height\" content=\"470\" \/>\n\t<meta property=\"og:image:type\" content=\"image\/jpeg\" \/>\n<meta name=\"author\" content=\"admin\" \/>\n<meta name=\"twitter:card\" content=\"summary_large_image\" \/>\n<meta name=\"twitter:label1\" content=\"Escrito por\" \/>\n\t<meta name=\"twitter:data1\" content=\"admin\" \/>\n\t<meta name=\"twitter:label2\" content=\"Tiempo de lectura\" \/>\n\t<meta name=\"twitter:data2\" content=\"2 minutos\" \/>\n<script type=\"application\/ld+json\" class=\"yoast-schema-graph\">{\"@context\":\"https:\\\/\\\/schema.org\",\"@graph\":[{\"@type\":\"Article\",\"@id\":\"https:\\\/\\\/informacionatiempo.com\\\/index.php\\\/2026\\\/04\\\/25\\\/afecta-lesion-actividad-de-alcaraz\\\/#article\",\"isPartOf\":{\"@id\":\"https:\\\/\\\/informacionatiempo.com\\\/index.php\\\/2026\\\/04\\\/25\\\/afecta-lesion-actividad-de-alcaraz\\\/\"},\"author\":{\"name\":\"admin\",\"@id\":\"https:\\\/\\\/informacionatiempo.com\\\/#\\\/schema\\\/person\\\/25f0647394c758e1938555a833abe2d8\"},\"headline\":\"Afecta lesi\u00f3n actividad de Alcaraz\",\"datePublished\":\"2026-04-25T19:49:53+00:00\",\"dateModified\":\"2026-04-25T19:49:54+00:00\",\"mainEntityOfPage\":{\"@id\":\"https:\\\/\\\/informacionatiempo.com\\\/index.php\\\/2026\\\/04\\\/25\\\/afecta-lesion-actividad-de-alcaraz\\\/\"},\"wordCount\":234,\"commentCount\":0,\"publisher\":{\"@id\":\"https:\\\/\\\/informacionatiempo.com\\\/#organization\"},\"image\":{\"@id\":\"https:\\\/\\\/informacionatiempo.com\\\/index.php\\\/2026\\\/04\\\/25\\\/afecta-lesion-actividad-de-alcaraz\\\/#primaryimage\"},\"thumbnailUrl\":\"https:\\\/\\\/informacionatiempo.com\\\/wp-content\\\/uploads\\\/2026\\\/04\\\/35.-Afecta-lesion-activi.jpg\",\"articleSection\":[\"Deportes\"],\"inLanguage\":\"es\",\"potentialAction\":[{\"@type\":\"CommentAction\",\"name\":\"Comment\",\"target\":[\"https:\\\/\\\/informacionatiempo.com\\\/index.php\\\/2026\\\/04\\\/25\\\/afecta-lesion-actividad-de-alcaraz\\\/#respond\"]}]},{\"@type\":\"WebPage\",\"@id\":\"https:\\\/\\\/informacionatiempo.com\\\/index.php\\\/2026\\\/04\\\/25\\\/afecta-lesion-actividad-de-alcaraz\\\/\",\"url\":\"https:\\\/\\\/informacionatiempo.com\\\/index.php\\\/2026\\\/04\\\/25\\\/afecta-lesion-actividad-de-alcaraz\\\/\",\"name\":\"Afecta lesi\u00f3n actividad de Alcaraz - Informacion a Tiempo\",\"isPartOf\":{\"@id\":\"https:\\\/\\\/informacionatiempo.com\\\/#website\"},\"primaryImageOfPage\":{\"@id\":\"https:\\\/\\\/informacionatiempo.com\\\/index.php\\\/2026\\\/04\\\/25\\\/afecta-lesion-actividad-de-alcaraz\\\/#primaryimage\"},\"image\":{\"@id\":\"https:\\\/\\\/informacionatiempo.com\\\/index.php\\\/2026\\\/04\\\/25\\\/afecta-lesion-actividad-de-alcaraz\\\/#primaryimage\"},\"thumbnailUrl\":\"https:\\\/\\\/informacionatiempo.com\\\/wp-content\\\/uploads\\\/2026\\\/04\\\/35.-Afecta-lesion-activi.jpg\",\"datePublished\":\"2026-04-25T19:49:53+00:00\",\"dateModified\":\"2026-04-25T19:49:54+00:00\",\"breadcrumb\":{\"@id\":\"https:\\\/\\\/informacionatiempo.com\\\/index.php\\\/2026\\\/04\\\/25\\\/afecta-lesion-actividad-de-alcaraz\\\/#breadcrumb\"},\"inLanguage\":\"es\",\"potentialAction\":[{\"@type\":\"ReadAction\",\"target\":[\"https:\\\/\\\/informacionatiempo.com\\\/index.php\\\/2026\\\/04\\\/25\\\/afecta-lesion-actividad-de-alcaraz\\\/\"]}]},{\"@type\":\"ImageObject\",\"inLanguage\":\"es\",\"@id\":\"https:\\\/\\\/informacionatiempo.com\\\/index.php\\\/2026\\\/04\\\/25\\\/afecta-lesion-actividad-de-alcaraz\\\/#primaryimage\",\"url\":\"https:\\\/\\\/informacionatiempo.com\\\/wp-content\\\/uploads\\\/2026\\\/04\\\/35.-Afecta-lesion-activi.jpg\",\"contentUrl\":\"https:\\\/\\\/informacionatiempo.com\\\/wp-content\\\/uploads\\\/2026\\\/04\\\/35.-Afecta-lesion-activi.jpg\",\"width\":780,\"height\":470},{\"@type\":\"BreadcrumbList\",\"@id\":\"https:\\\/\\\/informacionatiempo.com\\\/index.php\\\/2026\\\/04\\\/25\\\/afecta-lesion-actividad-de-alcaraz\\\/#breadcrumb\",\"itemListElement\":[{\"@type\":\"ListItem\",\"position\":1,\"name\":\"Portada\",\"item\":\"https:\\\/\\\/informacionatiempo.com\\\/\"},{\"@type\":\"ListItem\",\"position\":2,\"name\":\"Afecta lesi\u00f3n actividad de Alcaraz\"}]},{\"@type\":\"WebSite\",\"@id\":\"https:\\\/\\\/informacionatiempo.com\\\/#website\",\"url\":\"https:\\\/\\\/informacionatiempo.com\\\/\",\"name\":\"Informacion a Tiempo\",\"description\":\"\",\"publisher\":{\"@id\":\"https:\\\/\\\/informacionatiempo.com\\\/#organization\"},\"potentialAction\":[{\"@type\":\"SearchAction\",\"target\":{\"@type\":\"EntryPoint\",\"urlTemplate\":\"https:\\\/\\\/informacionatiempo.com\\\/?s={search_term_string}\"},\"query-input\":{\"@type\":\"PropertyValueSpecification\",\"valueRequired\":true,\"valueName\":\"search_term_string\"}}],\"inLanguage\":\"es\"},{\"@type\":\"Organization\",\"@id\":\"https:\\\/\\\/informacionatiempo.com\\\/#organization\",\"name\":\"Informacion a Tiempo\",\"url\":\"https:\\\/\\\/informacionatiempo.com\\\/\",\"logo\":{\"@type\":\"ImageObject\",\"inLanguage\":\"es\",\"@id\":\"https:\\\/\\\/informacionatiempo.com\\\/#\\\/schema\\\/logo\\\/image\\\/\",\"url\":\"https:\\\/\\\/informacionatiempo.com\\\/wp-content\\\/uploads\\\/2024\\\/04\\\/LOGOTIPO-INFORMACION-A-TIEMPO-ngo.png\",\"contentUrl\":\"https:\\\/\\\/informacionatiempo.com\\\/wp-content\\\/uploads\\\/2024\\\/04\\\/LOGOTIPO-INFORMACION-A-TIEMPO-ngo.png\",\"width\":3000,\"height\":1282,\"caption\":\"Informacion a Tiempo\"},\"image\":{\"@id\":\"https:\\\/\\\/informacionatiempo.com\\\/#\\\/schema\\\/logo\\\/image\\\/\"}},{\"@type\":\"Person\",\"@id\":\"https:\\\/\\\/informacionatiempo.com\\\/#\\\/schema\\\/person\\\/25f0647394c758e1938555a833abe2d8\",\"name\":\"admin\",\"image\":{\"@type\":\"ImageObject\",\"inLanguage\":\"es\",\"@id\":\"https:\\\/\\\/secure.gravatar.com\\\/avatar\\\/3d0c9caacb01727b9e5a43062ac3de921de800e40a41035825c9150de2503e7d?s=96&d=mm&r=g\",\"url\":\"https:\\\/\\\/secure.gravatar.com\\\/avatar\\\/3d0c9caacb01727b9e5a43062ac3de921de800e40a41035825c9150de2503e7d?s=96&d=mm&r=g\",\"contentUrl\":\"https:\\\/\\\/secure.gravatar.com\\\/avatar\\\/3d0c9caacb01727b9e5a43062ac3de921de800e40a41035825c9150de2503e7d?s=96&d=mm&r=g\",\"caption\":\"admin\"},\"sameAs\":[\"https:\\\/\\\/informacionatiempo.com\"],\"url\":\"https:\\\/\\\/informacionatiempo.com\\\/index.php\\\/author\\\/admin\\\/\"}]}<\/script>\n<!-- \/ Yoast SEO plugin. -->","yoast_head_json":{"title":"Afecta lesi\u00f3n actividad de Alcaraz - Informacion a Tiempo","robots":{"index":"index","follow":"follow","max-snippet":"max-snippet:-1","max-image-preview":"max-image-preview:large","max-video-preview":"max-video-preview:-1"},"canonical":"https:\/\/informacionatiempo.com\/index.php\/2026\/04\/25\/afecta-lesion-actividad-de-alcaraz\/","og_locale":"es_ES","og_type":"article","og_title":"Afecta lesi\u00f3n actividad de Alcaraz - Informacion a Tiempo","og_description":"Carlos Alcaraz no podr\u00e1 jugar en busca de un tercer t\u00edtulo consecutivo del Abierto de Francia debido a una lesi\u00f3n en la mu\u00f1eca derecha. Alcaraz, n\u00famero 2 en el ranking, public\u00f3 en X el viernes que tampoco jugar\u00eda el previo Abierto de Italia, en Roma, que tambi\u00e9n conquist\u00f3 el a\u00f1o pasado. El astro espa\u00f1ol se [&hellip;]","og_url":"https:\/\/informacionatiempo.com\/index.php\/2026\/04\/25\/afecta-lesion-actividad-de-alcaraz\/","og_site_name":"Informacion a Tiempo","article_published_time":"2026-04-25T19:49:53+00:00","article_modified_time":"2026-04-25T19:49:54+00:00","og_image":[{"width":780,"height":470,"url":"https:\/\/informacionatiempo.com\/wp-content\/uploads\/2026\/04\/35.-Afecta-lesion-activi.jpg","type":"image\/jpeg"}],"author":"admin","twitter_card":"summary_large_image","twitter_misc":{"Escrito por":"admin","Tiempo de lectura":"2 minutos"},"schema":{"@context":"https:\/\/schema.org","@graph":[{"@type":"Article","@id":"https:\/\/informacionatiempo.com\/index.php\/2026\/04\/25\/afecta-lesion-actividad-de-alcaraz\/#article","isPartOf":{"@id":"https:\/\/informacionatiempo.com\/index.php\/2026\/04\/25\/afecta-lesion-actividad-de-alcaraz\/"},"author":{"name":"admin","@id":"https:\/\/informacionatiempo.com\/#\/schema\/person\/25f0647394c758e1938555a833abe2d8"},"headline":"Afecta lesi\u00f3n actividad de Alcaraz","datePublished":"2026-04-25T19:49:53+00:00","dateModified":"2026-04-25T19:49:54+00:00","mainEntityOfPage":{"@id":"https:\/\/informacionatiempo.com\/index.php\/2026\/04\/25\/afecta-lesion-actividad-de-alcaraz\/"},"wordCount":234,"commentCount":0,"publisher":{"@id":"https:\/\/informacionatiempo.com\/#organization"},"image":{"@id":"https:\/\/informacionatiempo.com\/index.php\/2026\/04\/25\/afecta-lesion-actividad-de-alcaraz\/#primaryimage"},"thumbnailUrl":"https:\/\/informacionatiempo.com\/wp-content\/uploads\/2026\/04\/35.-Afecta-lesion-activi.jpg","articleSection":["Deportes"],"inLanguage":"es","potentialAction":[{"@type":"CommentAction","name":"Comment","target":["https:\/\/informacionatiempo.com\/index.php\/2026\/04\/25\/afecta-lesion-actividad-de-alcaraz\/#respond"]}]},{"@type":"WebPage","@id":"https:\/\/informacionatiempo.com\/index.php\/2026\/04\/25\/afecta-lesion-actividad-de-alcaraz\/","url":"https:\/\/informacionatiempo.com\/index.php\/2026\/04\/25\/afecta-lesion-actividad-de-alcaraz\/","name":"Afecta lesi\u00f3n actividad de Alcaraz - Informacion a Tiempo","isPartOf":{"@id":"https:\/\/informacionatiempo.com\/#website"},"primaryImageOfPage":{"@id":"https:\/\/informacionatiempo.com\/index.php\/2026\/04\/25\/afecta-lesion-actividad-de-alcaraz\/#primaryimage"},"image":{"@id":"https:\/\/informacionatiempo.com\/index.php\/2026\/04\/25\/afecta-lesion-actividad-de-alcaraz\/#primaryimage"},"thumbnailUrl":"https:\/\/informacionatiempo.com\/wp-content\/uploads\/2026\/04\/35.-Afecta-lesion-activi.jpg","datePublished":"2026-04-25T19:49:53+00:00","dateModified":"2026-04-25T19:49:54+00:00","breadcrumb":{"@id":"https:\/\/informacionatiempo.com\/index.php\/2026\/04\/25\/afecta-lesion-actividad-de-alcaraz\/#breadcrumb"},"inLanguage":"es","potentialAction":[{"@type":"ReadAction","target":["https:\/\/informacionatiempo.com\/index.php\/2026\/04\/25\/afecta-lesion-actividad-de-alcaraz\/"]}]},{"@type":"ImageObject","inLanguage":"es","@id":"https:\/\/informacionatiempo.com\/index.php\/2026\/04\/25\/afecta-lesion-actividad-de-alcaraz\/#primaryimage","url":"https:\/\/informacionatiempo.com\/wp-content\/uploads\/2026\/04\/35.-Afecta-lesion-activi.jpg","contentUrl":"https:\/\/informacionatiempo.com\/wp-content\/uploads\/2026\/04\/35.-Afecta-lesion-activi.jpg","width":780,"height":470},{"@type":"BreadcrumbList","@id":"https:\/\/informacionatiempo.com\/index.php\/2026\/04\/25\/afecta-lesion-actividad-de-alcaraz\/#breadcrumb","itemListElement":[{"@type":"ListItem","position":1,"name":"Portada","item":"https:\/\/informacionatiempo.com\/"},{"@type":"ListItem","position":2,"name":"Afecta lesi\u00f3n actividad de Alcaraz"}]},{"@type":"WebSite","@id":"https:\/\/informacionatiempo.com\/#website","url":"https:\/\/informacionatiempo.com\/","name":"Informacion a Tiempo","description":"","publisher":{"@id":"https:\/\/informacionatiempo.com\/#organization"},"potentialAction":[{"@type":"SearchAction","target":{"@type":"EntryPoint","urlTemplate":"https:\/\/informacionatiempo.com\/?s={search_term_string}"},"query-input":{"@type":"PropertyValueSpecification","valueRequired":true,"valueName":"search_term_string"}}],"inLanguage":"es"},{"@type":"Organization","@id":"https:\/\/informacionatiempo.com\/#organization","name":"Informacion a Tiempo","url":"https:\/\/informacionatiempo.com\/","logo":{"@type":"ImageObject","inLanguage":"es","@id":"https:\/\/informacionatiempo.com\/#\/schema\/logo\/image\/","url":"https:\/\/informacionatiempo.com\/wp-content\/uploads\/2024\/04\/LOGOTIPO-INFORMACION-A-TIEMPO-ngo.png","contentUrl":"https:\/\/informacionatiempo.com\/wp-content\/uploads\/2024\/04\/LOGOTIPO-INFORMACION-A-TIEMPO-ngo.png","width":3000,"height":1282,"caption":"Informacion a Tiempo"},"image":{"@id":"https:\/\/informacionatiempo.com\/#\/schema\/logo\/image\/"}},{"@type":"Person","@id":"https:\/\/informacionatiempo.com\/#\/schema\/person\/25f0647394c758e1938555a833abe2d8","name":"admin","image":{"@type":"ImageObject","inLanguage":"es","@id":"https:\/\/secure.gravatar.com\/avatar\/3d0c9caacb01727b9e5a43062ac3de921de800e40a41035825c9150de2503e7d?s=96&d=mm&r=g","url":"https:\/\/secure.gravatar.com\/avatar\/3d0c9caacb01727b9e5a43062ac3de921de800e40a41035825c9150de2503e7d?s=96&d=mm&r=g","contentUrl":"https:\/\/secure.gravatar.com\/avatar\/3d0c9caacb01727b9e5a43062ac3de921de800e40a41035825c9150de2503e7d?s=96&d=mm&r=g","caption":"admin"},"sameAs":["https:\/\/informacionatiempo.com"],"url":"https:\/\/informacionatiempo.com\/index.php\/author\/admin\/"}]}},"_links":{"self":[{"href":"https:\/\/informacionatiempo.com\/index.php\/wp-json\/wp\/v2\/posts\/99380","targetHints":{"allow":["GET"]}}],"collection":[{"href":"https:\/\/informacionatiempo.com\/index.php\/wp-json\/wp\/v2\/posts"}],"about":[{"href":"https:\/\/informacionatiempo.com\/index.php\/wp-json\/wp\/v2\/types\/post"}],"author":[{"embeddable":true,"href":"https:\/\/informacionatiempo.com\/index.php\/wp-json\/wp\/v2\/users\/1"}],"replies":[{"embeddable":true,"href":"https:\/\/informacionatiempo.com\/index.php\/wp-json\/wp\/v2\/comments?post=99380"}],"version-history":[{"count":1,"href":"https:\/\/informacionatiempo.com\/index.php\/wp-json\/wp\/v2\/posts\/99380\/revisions"}],"predecessor-version":[{"id":99382,"href":"https:\/\/informacionatiempo.com\/index.php\/wp-json\/wp\/v2\/posts\/99380\/revisions\/99382"}],"wp:featuredmedia":[{"embeddable":true,"href":"https:\/\/informacionatiempo.com\/index.php\/wp-json\/wp\/v2\/media\/99381"}],"wp:attachment":[{"href":"https:\/\/informacionatiempo.com\/index.php\/wp-json\/wp\/v2\/media?parent=99380"}],"wp:term":[{"taxonomy":"category","embeddable":true,"href":"https:\/\/informacionatiempo.com\/index.php\/wp-json\/wp\/v2\/categories?post=99380"},{"taxonomy":"post_tag","embeddable":true,"href":"https:\/\/informacionatiempo.com\/index.php\/wp-json\/wp\/v2\/tags?post=99380"}],"curies":[{"name":"wp","href":"https:\/\/api.w.org\/{rel}","templated":true}]}}