{"id":99387,"date":"2026-04-28T14:19:36","date_gmt":"2026-04-28T20:19:36","guid":{"rendered":"https:\/\/informacionatiempo.com\/?p=99387"},"modified":"2026-04-28T14:19:37","modified_gmt":"2026-04-28T20:19:37","slug":"afirma-sheinbaum-que-renuncia-de-jauregui-no-cierra-caso-de-agentes-de-la-cia","status":"publish","type":"post","link":"https:\/\/informacionatiempo.com\/index.php\/2026\/04\/28\/afirma-sheinbaum-que-renuncia-de-jauregui-no-cierra-caso-de-agentes-de-la-cia\/","title":{"rendered":"Afirma Sheinbaum que renuncia de J\u00e1uregui no cierra caso de agentes de la CIA"},"content":{"rendered":"\n<p>La mandataria nacional asegur\u00f3 que se tiene que seguir investigando y que la FGR lo har\u00e1<\/p>\n\n\n\n<p>Ante los hechos sucedidos en el estado de Chihuahua por la supuesta violaci\u00f3n a la soberan\u00eda nacional tras el ingreso de agentes de la CIA de Estados Unidos a territorio nacional sin permiso, la presidenta de la Rep\u00fablica, Claudia Sheinbaum se mencion\u00f3 al respecto en un nuevo cap\u00edtulo del tema.<\/p>\n\n\n\n<p>&#8220;Se tiene que seguir investigando, no para esto con una renuncia, no es solamente el pensar de la presidenta de la Rep\u00fablica, sino que la investigaci\u00f3n la tiene la FGR, lo m\u00e1s importante para nosotros es la sobern\u00eda nacional, tiene que cumplirse con la ley\u2026&#8221;, dijo la mandataria.<\/p>\n\n\n\n<p>&#8220;El pueblo de M\u00e9xico tiene derecho a saber la verdad, no es que con una renuncia se haya aclarado todo, se tiene que seguir investigando&#8221;, mencion\u00f3 Sheinbaum.<\/p>\n\n\n\n<p>Ayer, el titular de la Fiscal\u00eda General del Estado de Chihuahua, C\u00e9sar J\u00e1uregui, renunci\u00f3 a su cargo tras los hechos sucedidos que han causado revuelo.<\/p>\n","protected":false},"excerpt":{"rendered":"<p>La mandataria nacional asegur\u00f3 que se tiene que seguir investigando y que la FGR lo har\u00e1 Ante los hechos sucedidos en el estado de Chihuahua por la supuesta violaci\u00f3n a la soberan\u00eda nacional tras el ingreso de agentes de la CIA de Estados Unidos a territorio nacional sin permiso, la presidenta de la Rep\u00fablica, Claudia [&hellip;]<\/p>\n","protected":false},"author":1,"featured_media":99388,"comment_status":"open","ping_status":"open","sticky":false,"template":"","format":"standard","meta":{"inline_featured_image":false,"footnotes":""},"categories":[103],"tags":[],"class_list":["post-99387","post","type-post","status-publish","format-standard","has-post-thumbnail","hentry","category-nacional"],"yoast_head":"<!-- This site is optimized with the Yoast SEO plugin v27.5 - https:\/\/yoast.com\/product\/yoast-seo-wordpress\/ -->\n<title>Afirma Sheinbaum que renuncia de J\u00e1uregui no cierra caso de agentes de la CIA - Informacion a Tiempo<\/title>\n<meta name=\"robots\" content=\"index, follow, max-snippet:-1, max-image-preview:large, max-video-preview:-1\" \/>\n<link rel=\"canonical\" href=\"https:\/\/informacionatiempo.com\/index.php\/2026\/04\/28\/afirma-sheinbaum-que-renuncia-de-jauregui-no-cierra-caso-de-agentes-de-la-cia\/\" \/>\n<meta property=\"og:locale\" content=\"es_ES\" \/>\n<meta property=\"og:type\" content=\"article\" \/>\n<meta property=\"og:title\" content=\"Afirma Sheinbaum que renuncia de J\u00e1uregui no cierra caso de agentes de la CIA - Informacion a Tiempo\" \/>\n<meta property=\"og:description\" content=\"La mandataria nacional asegur\u00f3 que se tiene que seguir investigando y que la FGR lo har\u00e1 Ante los hechos sucedidos en el estado de Chihuahua por la supuesta violaci\u00f3n a la soberan\u00eda nacional tras el ingreso de agentes de la CIA de Estados Unidos a territorio nacional sin permiso, la presidenta de la Rep\u00fablica, Claudia [&hellip;]\" \/>\n<meta property=\"og:url\" content=\"https:\/\/informacionatiempo.com\/index.php\/2026\/04\/28\/afirma-sheinbaum-que-renuncia-de-jauregui-no-cierra-caso-de-agentes-de-la-cia\/\" \/>\n<meta property=\"og:site_name\" content=\"Informacion a Tiempo\" \/>\n<meta property=\"article:published_time\" content=\"2026-04-28T20:19:36+00:00\" \/>\n<meta property=\"article:modified_time\" content=\"2026-04-28T20:19:37+00:00\" \/>\n<meta property=\"og:image\" content=\"https:\/\/informacionatiempo.com\/wp-content\/uploads\/2026\/04\/35.-Afirma-Sheinbaum-que-renunc.webp\" \/>\n\t<meta property=\"og:image:width\" content=\"1280\" \/>\n\t<meta property=\"og:image:height\" content=\"853\" \/>\n\t<meta property=\"og:image:type\" content=\"image\/webp\" \/>\n<meta name=\"author\" content=\"admin\" \/>\n<meta name=\"twitter:card\" content=\"summary_large_image\" \/>\n<meta name=\"twitter:label1\" content=\"Escrito por\" \/>\n\t<meta name=\"twitter:data1\" content=\"admin\" \/>\n\t<meta name=\"twitter:label2\" content=\"Tiempo de lectura\" \/>\n\t<meta name=\"twitter:data2\" content=\"1 minuto\" \/>\n<script type=\"application\/ld+json\" class=\"yoast-schema-graph\">{\"@context\":\"https:\\\/\\\/schema.org\",\"@graph\":[{\"@type\":\"Article\",\"@id\":\"https:\\\/\\\/informacionatiempo.com\\\/index.php\\\/2026\\\/04\\\/28\\\/afirma-sheinbaum-que-renuncia-de-jauregui-no-cierra-caso-de-agentes-de-la-cia\\\/#article\",\"isPartOf\":{\"@id\":\"https:\\\/\\\/informacionatiempo.com\\\/index.php\\\/2026\\\/04\\\/28\\\/afirma-sheinbaum-que-renuncia-de-jauregui-no-cierra-caso-de-agentes-de-la-cia\\\/\"},\"author\":{\"name\":\"admin\",\"@id\":\"https:\\\/\\\/informacionatiempo.com\\\/#\\\/schema\\\/person\\\/25f0647394c758e1938555a833abe2d8\"},\"headline\":\"Afirma Sheinbaum que renuncia de J\u00e1uregui no cierra caso de agentes de la CIA\",\"datePublished\":\"2026-04-28T20:19:36+00:00\",\"dateModified\":\"2026-04-28T20:19:37+00:00\",\"mainEntityOfPage\":{\"@id\":\"https:\\\/\\\/informacionatiempo.com\\\/index.php\\\/2026\\\/04\\\/28\\\/afirma-sheinbaum-que-renuncia-de-jauregui-no-cierra-caso-de-agentes-de-la-cia\\\/\"},\"wordCount\":193,\"commentCount\":0,\"publisher\":{\"@id\":\"https:\\\/\\\/informacionatiempo.com\\\/#organization\"},\"image\":{\"@id\":\"https:\\\/\\\/informacionatiempo.com\\\/index.php\\\/2026\\\/04\\\/28\\\/afirma-sheinbaum-que-renuncia-de-jauregui-no-cierra-caso-de-agentes-de-la-cia\\\/#primaryimage\"},\"thumbnailUrl\":\"https:\\\/\\\/informacionatiempo.com\\\/wp-content\\\/uploads\\\/2026\\\/04\\\/35.-Afirma-Sheinbaum-que-renunc.webp\",\"articleSection\":[\"Nacional\"],\"inLanguage\":\"es\",\"potentialAction\":[{\"@type\":\"CommentAction\",\"name\":\"Comment\",\"target\":[\"https:\\\/\\\/informacionatiempo.com\\\/index.php\\\/2026\\\/04\\\/28\\\/afirma-sheinbaum-que-renuncia-de-jauregui-no-cierra-caso-de-agentes-de-la-cia\\\/#respond\"]}]},{\"@type\":\"WebPage\",\"@id\":\"https:\\\/\\\/informacionatiempo.com\\\/index.php\\\/2026\\\/04\\\/28\\\/afirma-sheinbaum-que-renuncia-de-jauregui-no-cierra-caso-de-agentes-de-la-cia\\\/\",\"url\":\"https:\\\/\\\/informacionatiempo.com\\\/index.php\\\/2026\\\/04\\\/28\\\/afirma-sheinbaum-que-renuncia-de-jauregui-no-cierra-caso-de-agentes-de-la-cia\\\/\",\"name\":\"Afirma Sheinbaum que renuncia de J\u00e1uregui no cierra caso de agentes de la CIA - Informacion a Tiempo\",\"isPartOf\":{\"@id\":\"https:\\\/\\\/informacionatiempo.com\\\/#website\"},\"primaryImageOfPage\":{\"@id\":\"https:\\\/\\\/informacionatiempo.com\\\/index.php\\\/2026\\\/04\\\/28\\\/afirma-sheinbaum-que-renuncia-de-jauregui-no-cierra-caso-de-agentes-de-la-cia\\\/#primaryimage\"},\"image\":{\"@id\":\"https:\\\/\\\/informacionatiempo.com\\\/index.php\\\/2026\\\/04\\\/28\\\/afirma-sheinbaum-que-renuncia-de-jauregui-no-cierra-caso-de-agentes-de-la-cia\\\/#primaryimage\"},\"thumbnailUrl\":\"https:\\\/\\\/informacionatiempo.com\\\/wp-content\\\/uploads\\\/2026\\\/04\\\/35.-Afirma-Sheinbaum-que-renunc.webp\",\"datePublished\":\"2026-04-28T20:19:36+00:00\",\"dateModified\":\"2026-04-28T20:19:37+00:00\",\"breadcrumb\":{\"@id\":\"https:\\\/\\\/informacionatiempo.com\\\/index.php\\\/2026\\\/04\\\/28\\\/afirma-sheinbaum-que-renuncia-de-jauregui-no-cierra-caso-de-agentes-de-la-cia\\\/#breadcrumb\"},\"inLanguage\":\"es\",\"potentialAction\":[{\"@type\":\"ReadAction\",\"target\":[\"https:\\\/\\\/informacionatiempo.com\\\/index.php\\\/2026\\\/04\\\/28\\\/afirma-sheinbaum-que-renuncia-de-jauregui-no-cierra-caso-de-agentes-de-la-cia\\\/\"]}]},{\"@type\":\"ImageObject\",\"inLanguage\":\"es\",\"@id\":\"https:\\\/\\\/informacionatiempo.com\\\/index.php\\\/2026\\\/04\\\/28\\\/afirma-sheinbaum-que-renuncia-de-jauregui-no-cierra-caso-de-agentes-de-la-cia\\\/#primaryimage\",\"url\":\"https:\\\/\\\/informacionatiempo.com\\\/wp-content\\\/uploads\\\/2026\\\/04\\\/35.-Afirma-Sheinbaum-que-renunc.webp\",\"contentUrl\":\"https:\\\/\\\/informacionatiempo.com\\\/wp-content\\\/uploads\\\/2026\\\/04\\\/35.-Afirma-Sheinbaum-que-renunc.webp\",\"width\":1280,\"height\":853},{\"@type\":\"BreadcrumbList\",\"@id\":\"https:\\\/\\\/informacionatiempo.com\\\/index.php\\\/2026\\\/04\\\/28\\\/afirma-sheinbaum-que-renuncia-de-jauregui-no-cierra-caso-de-agentes-de-la-cia\\\/#breadcrumb\",\"itemListElement\":[{\"@type\":\"ListItem\",\"position\":1,\"name\":\"Portada\",\"item\":\"https:\\\/\\\/informacionatiempo.com\\\/\"},{\"@type\":\"ListItem\",\"position\":2,\"name\":\"Afirma Sheinbaum que renuncia de J\u00e1uregui no cierra caso de agentes de la CIA\"}]},{\"@type\":\"WebSite\",\"@id\":\"https:\\\/\\\/informacionatiempo.com\\\/#website\",\"url\":\"https:\\\/\\\/informacionatiempo.com\\\/\",\"name\":\"Informacion a Tiempo\",\"description\":\"\",\"publisher\":{\"@id\":\"https:\\\/\\\/informacionatiempo.com\\\/#organization\"},\"potentialAction\":[{\"@type\":\"SearchAction\",\"target\":{\"@type\":\"EntryPoint\",\"urlTemplate\":\"https:\\\/\\\/informacionatiempo.com\\\/?s={search_term_string}\"},\"query-input\":{\"@type\":\"PropertyValueSpecification\",\"valueRequired\":true,\"valueName\":\"search_term_string\"}}],\"inLanguage\":\"es\"},{\"@type\":\"Organization\",\"@id\":\"https:\\\/\\\/informacionatiempo.com\\\/#organization\",\"name\":\"Informacion a Tiempo\",\"url\":\"https:\\\/\\\/informacionatiempo.com\\\/\",\"logo\":{\"@type\":\"ImageObject\",\"inLanguage\":\"es\",\"@id\":\"https:\\\/\\\/informacionatiempo.com\\\/#\\\/schema\\\/logo\\\/image\\\/\",\"url\":\"https:\\\/\\\/informacionatiempo.com\\\/wp-content\\\/uploads\\\/2024\\\/04\\\/LOGOTIPO-INFORMACION-A-TIEMPO-ngo.png\",\"contentUrl\":\"https:\\\/\\\/informacionatiempo.com\\\/wp-content\\\/uploads\\\/2024\\\/04\\\/LOGOTIPO-INFORMACION-A-TIEMPO-ngo.png\",\"width\":3000,\"height\":1282,\"caption\":\"Informacion a Tiempo\"},\"image\":{\"@id\":\"https:\\\/\\\/informacionatiempo.com\\\/#\\\/schema\\\/logo\\\/image\\\/\"}},{\"@type\":\"Person\",\"@id\":\"https:\\\/\\\/informacionatiempo.com\\\/#\\\/schema\\\/person\\\/25f0647394c758e1938555a833abe2d8\",\"name\":\"admin\",\"image\":{\"@type\":\"ImageObject\",\"inLanguage\":\"es\",\"@id\":\"https:\\\/\\\/secure.gravatar.com\\\/avatar\\\/3d0c9caacb01727b9e5a43062ac3de921de800e40a41035825c9150de2503e7d?s=96&d=mm&r=g\",\"url\":\"https:\\\/\\\/secure.gravatar.com\\\/avatar\\\/3d0c9caacb01727b9e5a43062ac3de921de800e40a41035825c9150de2503e7d?s=96&d=mm&r=g\",\"contentUrl\":\"https:\\\/\\\/secure.gravatar.com\\\/avatar\\\/3d0c9caacb01727b9e5a43062ac3de921de800e40a41035825c9150de2503e7d?s=96&d=mm&r=g\",\"caption\":\"admin\"},\"sameAs\":[\"https:\\\/\\\/informacionatiempo.com\"],\"url\":\"https:\\\/\\\/informacionatiempo.com\\\/index.php\\\/author\\\/admin\\\/\"}]}<\/script>\n<!-- \/ Yoast SEO plugin. -->","yoast_head_json":{"title":"Afirma Sheinbaum que renuncia de J\u00e1uregui no cierra caso de agentes de la CIA - Informacion a Tiempo","robots":{"index":"index","follow":"follow","max-snippet":"max-snippet:-1","max-image-preview":"max-image-preview:large","max-video-preview":"max-video-preview:-1"},"canonical":"https:\/\/informacionatiempo.com\/index.php\/2026\/04\/28\/afirma-sheinbaum-que-renuncia-de-jauregui-no-cierra-caso-de-agentes-de-la-cia\/","og_locale":"es_ES","og_type":"article","og_title":"Afirma Sheinbaum que renuncia de J\u00e1uregui no cierra caso de agentes de la CIA - Informacion a Tiempo","og_description":"La mandataria nacional asegur\u00f3 que se tiene que seguir investigando y que la FGR lo har\u00e1 Ante los hechos sucedidos en el estado de Chihuahua por la supuesta violaci\u00f3n a la soberan\u00eda nacional tras el ingreso de agentes de la CIA de Estados Unidos a territorio nacional sin permiso, la presidenta de la Rep\u00fablica, Claudia [&hellip;]","og_url":"https:\/\/informacionatiempo.com\/index.php\/2026\/04\/28\/afirma-sheinbaum-que-renuncia-de-jauregui-no-cierra-caso-de-agentes-de-la-cia\/","og_site_name":"Informacion a Tiempo","article_published_time":"2026-04-28T20:19:36+00:00","article_modified_time":"2026-04-28T20:19:37+00:00","og_image":[{"width":1280,"height":853,"url":"https:\/\/informacionatiempo.com\/wp-content\/uploads\/2026\/04\/35.-Afirma-Sheinbaum-que-renunc.webp","type":"image\/webp"}],"author":"admin","twitter_card":"summary_large_image","twitter_misc":{"Escrito por":"admin","Tiempo de lectura":"1 minuto"},"schema":{"@context":"https:\/\/schema.org","@graph":[{"@type":"Article","@id":"https:\/\/informacionatiempo.com\/index.php\/2026\/04\/28\/afirma-sheinbaum-que-renuncia-de-jauregui-no-cierra-caso-de-agentes-de-la-cia\/#article","isPartOf":{"@id":"https:\/\/informacionatiempo.com\/index.php\/2026\/04\/28\/afirma-sheinbaum-que-renuncia-de-jauregui-no-cierra-caso-de-agentes-de-la-cia\/"},"author":{"name":"admin","@id":"https:\/\/informacionatiempo.com\/#\/schema\/person\/25f0647394c758e1938555a833abe2d8"},"headline":"Afirma Sheinbaum que renuncia de J\u00e1uregui no cierra caso de agentes de la CIA","datePublished":"2026-04-28T20:19:36+00:00","dateModified":"2026-04-28T20:19:37+00:00","mainEntityOfPage":{"@id":"https:\/\/informacionatiempo.com\/index.php\/2026\/04\/28\/afirma-sheinbaum-que-renuncia-de-jauregui-no-cierra-caso-de-agentes-de-la-cia\/"},"wordCount":193,"commentCount":0,"publisher":{"@id":"https:\/\/informacionatiempo.com\/#organization"},"image":{"@id":"https:\/\/informacionatiempo.com\/index.php\/2026\/04\/28\/afirma-sheinbaum-que-renuncia-de-jauregui-no-cierra-caso-de-agentes-de-la-cia\/#primaryimage"},"thumbnailUrl":"https:\/\/informacionatiempo.com\/wp-content\/uploads\/2026\/04\/35.-Afirma-Sheinbaum-que-renunc.webp","articleSection":["Nacional"],"inLanguage":"es","potentialAction":[{"@type":"CommentAction","name":"Comment","target":["https:\/\/informacionatiempo.com\/index.php\/2026\/04\/28\/afirma-sheinbaum-que-renuncia-de-jauregui-no-cierra-caso-de-agentes-de-la-cia\/#respond"]}]},{"@type":"WebPage","@id":"https:\/\/informacionatiempo.com\/index.php\/2026\/04\/28\/afirma-sheinbaum-que-renuncia-de-jauregui-no-cierra-caso-de-agentes-de-la-cia\/","url":"https:\/\/informacionatiempo.com\/index.php\/2026\/04\/28\/afirma-sheinbaum-que-renuncia-de-jauregui-no-cierra-caso-de-agentes-de-la-cia\/","name":"Afirma Sheinbaum que renuncia de J\u00e1uregui no cierra caso de agentes de la CIA - Informacion a Tiempo","isPartOf":{"@id":"https:\/\/informacionatiempo.com\/#website"},"primaryImageOfPage":{"@id":"https:\/\/informacionatiempo.com\/index.php\/2026\/04\/28\/afirma-sheinbaum-que-renuncia-de-jauregui-no-cierra-caso-de-agentes-de-la-cia\/#primaryimage"},"image":{"@id":"https:\/\/informacionatiempo.com\/index.php\/2026\/04\/28\/afirma-sheinbaum-que-renuncia-de-jauregui-no-cierra-caso-de-agentes-de-la-cia\/#primaryimage"},"thumbnailUrl":"https:\/\/informacionatiempo.com\/wp-content\/uploads\/2026\/04\/35.-Afirma-Sheinbaum-que-renunc.webp","datePublished":"2026-04-28T20:19:36+00:00","dateModified":"2026-04-28T20:19:37+00:00","breadcrumb":{"@id":"https:\/\/informacionatiempo.com\/index.php\/2026\/04\/28\/afirma-sheinbaum-que-renuncia-de-jauregui-no-cierra-caso-de-agentes-de-la-cia\/#breadcrumb"},"inLanguage":"es","potentialAction":[{"@type":"ReadAction","target":["https:\/\/informacionatiempo.com\/index.php\/2026\/04\/28\/afirma-sheinbaum-que-renuncia-de-jauregui-no-cierra-caso-de-agentes-de-la-cia\/"]}]},{"@type":"ImageObject","inLanguage":"es","@id":"https:\/\/informacionatiempo.com\/index.php\/2026\/04\/28\/afirma-sheinbaum-que-renuncia-de-jauregui-no-cierra-caso-de-agentes-de-la-cia\/#primaryimage","url":"https:\/\/informacionatiempo.com\/wp-content\/uploads\/2026\/04\/35.-Afirma-Sheinbaum-que-renunc.webp","contentUrl":"https:\/\/informacionatiempo.com\/wp-content\/uploads\/2026\/04\/35.-Afirma-Sheinbaum-que-renunc.webp","width":1280,"height":853},{"@type":"BreadcrumbList","@id":"https:\/\/informacionatiempo.com\/index.php\/2026\/04\/28\/afirma-sheinbaum-que-renuncia-de-jauregui-no-cierra-caso-de-agentes-de-la-cia\/#breadcrumb","itemListElement":[{"@type":"ListItem","position":1,"name":"Portada","item":"https:\/\/informacionatiempo.com\/"},{"@type":"ListItem","position":2,"name":"Afirma Sheinbaum que renuncia de J\u00e1uregui no cierra caso de agentes de la CIA"}]},{"@type":"WebSite","@id":"https:\/\/informacionatiempo.com\/#website","url":"https:\/\/informacionatiempo.com\/","name":"Informacion a Tiempo","description":"","publisher":{"@id":"https:\/\/informacionatiempo.com\/#organization"},"potentialAction":[{"@type":"SearchAction","target":{"@type":"EntryPoint","urlTemplate":"https:\/\/informacionatiempo.com\/?s={search_term_string}"},"query-input":{"@type":"PropertyValueSpecification","valueRequired":true,"valueName":"search_term_string"}}],"inLanguage":"es"},{"@type":"Organization","@id":"https:\/\/informacionatiempo.com\/#organization","name":"Informacion a Tiempo","url":"https:\/\/informacionatiempo.com\/","logo":{"@type":"ImageObject","inLanguage":"es","@id":"https:\/\/informacionatiempo.com\/#\/schema\/logo\/image\/","url":"https:\/\/informacionatiempo.com\/wp-content\/uploads\/2024\/04\/LOGOTIPO-INFORMACION-A-TIEMPO-ngo.png","contentUrl":"https:\/\/informacionatiempo.com\/wp-content\/uploads\/2024\/04\/LOGOTIPO-INFORMACION-A-TIEMPO-ngo.png","width":3000,"height":1282,"caption":"Informacion a Tiempo"},"image":{"@id":"https:\/\/informacionatiempo.com\/#\/schema\/logo\/image\/"}},{"@type":"Person","@id":"https:\/\/informacionatiempo.com\/#\/schema\/person\/25f0647394c758e1938555a833abe2d8","name":"admin","image":{"@type":"ImageObject","inLanguage":"es","@id":"https:\/\/secure.gravatar.com\/avatar\/3d0c9caacb01727b9e5a43062ac3de921de800e40a41035825c9150de2503e7d?s=96&d=mm&r=g","url":"https:\/\/secure.gravatar.com\/avatar\/3d0c9caacb01727b9e5a43062ac3de921de800e40a41035825c9150de2503e7d?s=96&d=mm&r=g","contentUrl":"https:\/\/secure.gravatar.com\/avatar\/3d0c9caacb01727b9e5a43062ac3de921de800e40a41035825c9150de2503e7d?s=96&d=mm&r=g","caption":"admin"},"sameAs":["https:\/\/informacionatiempo.com"],"url":"https:\/\/informacionatiempo.com\/index.php\/author\/admin\/"}]}},"_links":{"self":[{"href":"https:\/\/informacionatiempo.com\/index.php\/wp-json\/wp\/v2\/posts\/99387","targetHints":{"allow":["GET"]}}],"collection":[{"href":"https:\/\/informacionatiempo.com\/index.php\/wp-json\/wp\/v2\/posts"}],"about":[{"href":"https:\/\/informacionatiempo.com\/index.php\/wp-json\/wp\/v2\/types\/post"}],"author":[{"embeddable":true,"href":"https:\/\/informacionatiempo.com\/index.php\/wp-json\/wp\/v2\/users\/1"}],"replies":[{"embeddable":true,"href":"https:\/\/informacionatiempo.com\/index.php\/wp-json\/wp\/v2\/comments?post=99387"}],"version-history":[{"count":1,"href":"https:\/\/informacionatiempo.com\/index.php\/wp-json\/wp\/v2\/posts\/99387\/revisions"}],"predecessor-version":[{"id":99389,"href":"https:\/\/informacionatiempo.com\/index.php\/wp-json\/wp\/v2\/posts\/99387\/revisions\/99389"}],"wp:featuredmedia":[{"embeddable":true,"href":"https:\/\/informacionatiempo.com\/index.php\/wp-json\/wp\/v2\/media\/99388"}],"wp:attachment":[{"href":"https:\/\/informacionatiempo.com\/index.php\/wp-json\/wp\/v2\/media?parent=99387"}],"wp:term":[{"taxonomy":"category","embeddable":true,"href":"https:\/\/informacionatiempo.com\/index.php\/wp-json\/wp\/v2\/categories?post=99387"},{"taxonomy":"post_tag","embeddable":true,"href":"https:\/\/informacionatiempo.com\/index.php\/wp-json\/wp\/v2\/tags?post=99387"}],"curies":[{"name":"wp","href":"https:\/\/api.w.org\/{rel}","templated":true}]}}