{"id":99390,"date":"2026-04-29T13:35:25","date_gmt":"2026-04-29T19:35:25","guid":{"rendered":"https:\/\/informacionatiempo.com\/?p=99390"},"modified":"2026-04-29T13:35:25","modified_gmt":"2026-04-29T19:35:25","slug":"jardinero-operaba-una-red-de-extorsion-contra-transportistas","status":"publish","type":"post","link":"https:\/\/informacionatiempo.com\/index.php\/2026\/04\/29\/jardinero-operaba-una-red-de-extorsion-contra-transportistas\/","title":{"rendered":"&#8220;Jardinero&#8221; operaba una red de extorsi\u00f3n contra transportistas"},"content":{"rendered":"\n<p>Omar Garc\u00eda Harfuch, secretario de Seguridad y Protecci\u00f3n Ciudadana, present\u00f3 en conferencia de prensa detalles sobre el doble golpe que asest\u00f3 el Gabinete de Seguridad ayer al C\u00e1rtel Jalisco Nueva Generaci\u00f3n (CJNG), que deriv\u00f3 en las detenciones de Audias Flores Silva, alias \u201cEl Jardinero\u201d y C\u00e9sar Alejandro, \u201cG\u00fcero Conta\u201d.<\/p>\n\n\n\n<p>El funcionario federal detall\u00f3 que \u201cEl Jardinero\u201d, quien era el segundo al mando de este grupo delincuencial despu\u00e9s de \u201cEl Mencho\u201d, operaba una red criminal que comet\u00eda delitos de secuestro, robo de combustibles, homicidio, tr\u00e1fico de armas, despojo de propiedades y extorsi\u00f3n.<\/p>\n\n\n\n<p>Audias Flores Silva, dijo, operaba corredores criminales estrat\u00e9gicos en el occidente y centro del pa\u00eds, en donde extend\u00eda su influencia hacia el oriente del estado de Michoac\u00e1n.<\/p>\n\n\n\n<p>En el delito de extorsi\u00f3n, Garc\u00eda Harfuch se\u00f1al\u00f3 que este presunto criminal lideraba un esquema delictivo sistem\u00e1tico en contra de transportistas de carga, a quienes exig\u00eda reportar cada unidad que ingresara o transitara por determinadas rutas.<\/p>\n\n\n\n<p>Adem\u00e1s, este cabecilla del CJNG impon\u00eda pagos peri\u00f3dicos mediante amenazas, control territorial y el ofrecimiento de una supuesta protecci\u00f3n en rutas ilegales.<\/p>\n\n\n\n<p>Por este motivo, el secretario de Seguridad reconoci\u00f3 que esta detenci\u00f3n representa un golpe contundente a la expansi\u00f3n territorial de esta organizaci\u00f3n criminal y al delito de extorsi\u00f3n.<\/p>\n\n\n\n<p>El doble golpe al CJNG<br>Ayer, el Gabinete de Seguridad asest\u00f3 un golpe doble contra las c\u00fapulas del C\u00e1rtel Jalisco Nueva Generaci\u00f3n, con la detenci\u00f3n de Audias Flores Silva, alias \u201cEl Jardinero\u201d y C\u00e9sar Alejandro, \u201cG\u00fcero Conta\u201d.<\/p>\n\n\n\n<p>Sobre \u201cEl Jardinero\u201d, quien fue detenido en el estado de Nayarit, autoridades federales detallaron que Estados Unidos ofrec\u00eda por su captura una recompensa de 5 millones de d\u00f3lares. Este presunto l\u00edder criminal sonaba como principal sucesor del abatido Nemesio Oseguera Cervantes \u201cEl Mencho\u201d.<\/p>\n\n\n\n<p>A \u201cG\u00fcero Conta\u201d, quien cay\u00f3 en Jalisco, se le se\u00f1ala por lavado de dinero mediante empresas y prestanombres, as\u00ed como adquirir aeronaves, embarcaciones, casas, ranchos e invertir en productoras de tequila para este il\u00edcito. Por ello, Garc\u00eda Harfuch indic\u00f3 que su aprehensi\u00f3n representa un golpe importante a la estructura financiera del CJNG.<\/p>\n","protected":false},"excerpt":{"rendered":"<p>Omar Garc\u00eda Harfuch, secretario de Seguridad y Protecci\u00f3n Ciudadana, present\u00f3 en conferencia de prensa detalles sobre el doble golpe que asest\u00f3 el Gabinete de Seguridad ayer al C\u00e1rtel Jalisco Nueva Generaci\u00f3n (CJNG), que deriv\u00f3 en las detenciones de Audias Flores Silva, alias \u201cEl Jardinero\u201d y C\u00e9sar Alejandro, \u201cG\u00fcero Conta\u201d. El funcionario federal detall\u00f3 que \u201cEl [&hellip;]<\/p>\n","protected":false},"author":1,"featured_media":99391,"comment_status":"open","ping_status":"open","sticky":false,"template":"","format":"standard","meta":{"inline_featured_image":false,"footnotes":""},"categories":[103],"tags":[],"class_list":["post-99390","post","type-post","status-publish","format-standard","has-post-thumbnail","hentry","category-nacional"],"yoast_head":"<!-- This site is optimized with the Yoast SEO plugin v27.5 - https:\/\/yoast.com\/product\/yoast-seo-wordpress\/ -->\n<title>&quot;Jardinero&quot; operaba una red de extorsi\u00f3n contra transportistas - Informacion a Tiempo<\/title>\n<meta name=\"robots\" content=\"index, follow, max-snippet:-1, max-image-preview:large, max-video-preview:-1\" \/>\n<link rel=\"canonical\" href=\"https:\/\/informacionatiempo.com\/index.php\/2026\/04\/29\/jardinero-operaba-una-red-de-extorsion-contra-transportistas\/\" \/>\n<meta property=\"og:locale\" content=\"es_ES\" \/>\n<meta property=\"og:type\" content=\"article\" \/>\n<meta property=\"og:title\" content=\"&quot;Jardinero&quot; operaba una red de extorsi\u00f3n contra transportistas - Informacion a Tiempo\" \/>\n<meta property=\"og:description\" content=\"Omar Garc\u00eda Harfuch, secretario de Seguridad y Protecci\u00f3n Ciudadana, present\u00f3 en conferencia de prensa detalles sobre el doble golpe que asest\u00f3 el Gabinete de Seguridad ayer al C\u00e1rtel Jalisco Nueva Generaci\u00f3n (CJNG), que deriv\u00f3 en las detenciones de Audias Flores Silva, alias \u201cEl Jardinero\u201d y C\u00e9sar Alejandro, \u201cG\u00fcero Conta\u201d. El funcionario federal detall\u00f3 que \u201cEl [&hellip;]\" \/>\n<meta property=\"og:url\" content=\"https:\/\/informacionatiempo.com\/index.php\/2026\/04\/29\/jardinero-operaba-una-red-de-extorsion-contra-transportistas\/\" \/>\n<meta property=\"og:site_name\" content=\"Informacion a Tiempo\" \/>\n<meta property=\"article:published_time\" content=\"2026-04-29T19:35:25+00:00\" \/>\n<meta property=\"og:image\" content=\"https:\/\/informacionatiempo.com\/wp-content\/uploads\/2026\/04\/35.-peraba-una-red-de-extorsion-contra-t.jpg\" \/>\n\t<meta property=\"og:image:width\" content=\"780\" \/>\n\t<meta property=\"og:image:height\" content=\"470\" \/>\n\t<meta property=\"og:image:type\" content=\"image\/jpeg\" \/>\n<meta name=\"author\" content=\"admin\" \/>\n<meta name=\"twitter:card\" content=\"summary_large_image\" \/>\n<meta name=\"twitter:label1\" content=\"Escrito por\" \/>\n\t<meta name=\"twitter:data1\" content=\"admin\" \/>\n\t<meta name=\"twitter:label2\" content=\"Tiempo de lectura\" \/>\n\t<meta name=\"twitter:data2\" content=\"2 minutos\" \/>\n<script type=\"application\/ld+json\" class=\"yoast-schema-graph\">{\"@context\":\"https:\\\/\\\/schema.org\",\"@graph\":[{\"@type\":\"Article\",\"@id\":\"https:\\\/\\\/informacionatiempo.com\\\/index.php\\\/2026\\\/04\\\/29\\\/jardinero-operaba-una-red-de-extorsion-contra-transportistas\\\/#article\",\"isPartOf\":{\"@id\":\"https:\\\/\\\/informacionatiempo.com\\\/index.php\\\/2026\\\/04\\\/29\\\/jardinero-operaba-una-red-de-extorsion-contra-transportistas\\\/\"},\"author\":{\"name\":\"admin\",\"@id\":\"https:\\\/\\\/informacionatiempo.com\\\/#\\\/schema\\\/person\\\/25f0647394c758e1938555a833abe2d8\"},\"headline\":\"&#8220;Jardinero&#8221; operaba una red de extorsi\u00f3n contra transportistas\",\"datePublished\":\"2026-04-29T19:35:25+00:00\",\"mainEntityOfPage\":{\"@id\":\"https:\\\/\\\/informacionatiempo.com\\\/index.php\\\/2026\\\/04\\\/29\\\/jardinero-operaba-una-red-de-extorsion-contra-transportistas\\\/\"},\"wordCount\":384,\"commentCount\":0,\"publisher\":{\"@id\":\"https:\\\/\\\/informacionatiempo.com\\\/#organization\"},\"image\":{\"@id\":\"https:\\\/\\\/informacionatiempo.com\\\/index.php\\\/2026\\\/04\\\/29\\\/jardinero-operaba-una-red-de-extorsion-contra-transportistas\\\/#primaryimage\"},\"thumbnailUrl\":\"https:\\\/\\\/informacionatiempo.com\\\/wp-content\\\/uploads\\\/2026\\\/04\\\/35.-peraba-una-red-de-extorsion-contra-t.jpg\",\"articleSection\":[\"Nacional\"],\"inLanguage\":\"es\",\"potentialAction\":[{\"@type\":\"CommentAction\",\"name\":\"Comment\",\"target\":[\"https:\\\/\\\/informacionatiempo.com\\\/index.php\\\/2026\\\/04\\\/29\\\/jardinero-operaba-una-red-de-extorsion-contra-transportistas\\\/#respond\"]}]},{\"@type\":\"WebPage\",\"@id\":\"https:\\\/\\\/informacionatiempo.com\\\/index.php\\\/2026\\\/04\\\/29\\\/jardinero-operaba-una-red-de-extorsion-contra-transportistas\\\/\",\"url\":\"https:\\\/\\\/informacionatiempo.com\\\/index.php\\\/2026\\\/04\\\/29\\\/jardinero-operaba-una-red-de-extorsion-contra-transportistas\\\/\",\"name\":\"\\\"Jardinero\\\" operaba una red de extorsi\u00f3n contra transportistas - Informacion a Tiempo\",\"isPartOf\":{\"@id\":\"https:\\\/\\\/informacionatiempo.com\\\/#website\"},\"primaryImageOfPage\":{\"@id\":\"https:\\\/\\\/informacionatiempo.com\\\/index.php\\\/2026\\\/04\\\/29\\\/jardinero-operaba-una-red-de-extorsion-contra-transportistas\\\/#primaryimage\"},\"image\":{\"@id\":\"https:\\\/\\\/informacionatiempo.com\\\/index.php\\\/2026\\\/04\\\/29\\\/jardinero-operaba-una-red-de-extorsion-contra-transportistas\\\/#primaryimage\"},\"thumbnailUrl\":\"https:\\\/\\\/informacionatiempo.com\\\/wp-content\\\/uploads\\\/2026\\\/04\\\/35.-peraba-una-red-de-extorsion-contra-t.jpg\",\"datePublished\":\"2026-04-29T19:35:25+00:00\",\"breadcrumb\":{\"@id\":\"https:\\\/\\\/informacionatiempo.com\\\/index.php\\\/2026\\\/04\\\/29\\\/jardinero-operaba-una-red-de-extorsion-contra-transportistas\\\/#breadcrumb\"},\"inLanguage\":\"es\",\"potentialAction\":[{\"@type\":\"ReadAction\",\"target\":[\"https:\\\/\\\/informacionatiempo.com\\\/index.php\\\/2026\\\/04\\\/29\\\/jardinero-operaba-una-red-de-extorsion-contra-transportistas\\\/\"]}]},{\"@type\":\"ImageObject\",\"inLanguage\":\"es\",\"@id\":\"https:\\\/\\\/informacionatiempo.com\\\/index.php\\\/2026\\\/04\\\/29\\\/jardinero-operaba-una-red-de-extorsion-contra-transportistas\\\/#primaryimage\",\"url\":\"https:\\\/\\\/informacionatiempo.com\\\/wp-content\\\/uploads\\\/2026\\\/04\\\/35.-peraba-una-red-de-extorsion-contra-t.jpg\",\"contentUrl\":\"https:\\\/\\\/informacionatiempo.com\\\/wp-content\\\/uploads\\\/2026\\\/04\\\/35.-peraba-una-red-de-extorsion-contra-t.jpg\",\"width\":780,\"height\":470},{\"@type\":\"BreadcrumbList\",\"@id\":\"https:\\\/\\\/informacionatiempo.com\\\/index.php\\\/2026\\\/04\\\/29\\\/jardinero-operaba-una-red-de-extorsion-contra-transportistas\\\/#breadcrumb\",\"itemListElement\":[{\"@type\":\"ListItem\",\"position\":1,\"name\":\"Portada\",\"item\":\"https:\\\/\\\/informacionatiempo.com\\\/\"},{\"@type\":\"ListItem\",\"position\":2,\"name\":\"&#8220;Jardinero&#8221; operaba una red de extorsi\u00f3n contra transportistas\"}]},{\"@type\":\"WebSite\",\"@id\":\"https:\\\/\\\/informacionatiempo.com\\\/#website\",\"url\":\"https:\\\/\\\/informacionatiempo.com\\\/\",\"name\":\"Informacion a Tiempo\",\"description\":\"\",\"publisher\":{\"@id\":\"https:\\\/\\\/informacionatiempo.com\\\/#organization\"},\"potentialAction\":[{\"@type\":\"SearchAction\",\"target\":{\"@type\":\"EntryPoint\",\"urlTemplate\":\"https:\\\/\\\/informacionatiempo.com\\\/?s={search_term_string}\"},\"query-input\":{\"@type\":\"PropertyValueSpecification\",\"valueRequired\":true,\"valueName\":\"search_term_string\"}}],\"inLanguage\":\"es\"},{\"@type\":\"Organization\",\"@id\":\"https:\\\/\\\/informacionatiempo.com\\\/#organization\",\"name\":\"Informacion a Tiempo\",\"url\":\"https:\\\/\\\/informacionatiempo.com\\\/\",\"logo\":{\"@type\":\"ImageObject\",\"inLanguage\":\"es\",\"@id\":\"https:\\\/\\\/informacionatiempo.com\\\/#\\\/schema\\\/logo\\\/image\\\/\",\"url\":\"https:\\\/\\\/informacionatiempo.com\\\/wp-content\\\/uploads\\\/2024\\\/04\\\/LOGOTIPO-INFORMACION-A-TIEMPO-ngo.png\",\"contentUrl\":\"https:\\\/\\\/informacionatiempo.com\\\/wp-content\\\/uploads\\\/2024\\\/04\\\/LOGOTIPO-INFORMACION-A-TIEMPO-ngo.png\",\"width\":3000,\"height\":1282,\"caption\":\"Informacion a Tiempo\"},\"image\":{\"@id\":\"https:\\\/\\\/informacionatiempo.com\\\/#\\\/schema\\\/logo\\\/image\\\/\"}},{\"@type\":\"Person\",\"@id\":\"https:\\\/\\\/informacionatiempo.com\\\/#\\\/schema\\\/person\\\/25f0647394c758e1938555a833abe2d8\",\"name\":\"admin\",\"image\":{\"@type\":\"ImageObject\",\"inLanguage\":\"es\",\"@id\":\"https:\\\/\\\/secure.gravatar.com\\\/avatar\\\/3d0c9caacb01727b9e5a43062ac3de921de800e40a41035825c9150de2503e7d?s=96&d=mm&r=g\",\"url\":\"https:\\\/\\\/secure.gravatar.com\\\/avatar\\\/3d0c9caacb01727b9e5a43062ac3de921de800e40a41035825c9150de2503e7d?s=96&d=mm&r=g\",\"contentUrl\":\"https:\\\/\\\/secure.gravatar.com\\\/avatar\\\/3d0c9caacb01727b9e5a43062ac3de921de800e40a41035825c9150de2503e7d?s=96&d=mm&r=g\",\"caption\":\"admin\"},\"sameAs\":[\"https:\\\/\\\/informacionatiempo.com\"],\"url\":\"https:\\\/\\\/informacionatiempo.com\\\/index.php\\\/author\\\/admin\\\/\"}]}<\/script>\n<!-- \/ Yoast SEO plugin. -->","yoast_head_json":{"title":"\"Jardinero\" operaba una red de extorsi\u00f3n contra transportistas - Informacion a Tiempo","robots":{"index":"index","follow":"follow","max-snippet":"max-snippet:-1","max-image-preview":"max-image-preview:large","max-video-preview":"max-video-preview:-1"},"canonical":"https:\/\/informacionatiempo.com\/index.php\/2026\/04\/29\/jardinero-operaba-una-red-de-extorsion-contra-transportistas\/","og_locale":"es_ES","og_type":"article","og_title":"\"Jardinero\" operaba una red de extorsi\u00f3n contra transportistas - Informacion a Tiempo","og_description":"Omar Garc\u00eda Harfuch, secretario de Seguridad y Protecci\u00f3n Ciudadana, present\u00f3 en conferencia de prensa detalles sobre el doble golpe que asest\u00f3 el Gabinete de Seguridad ayer al C\u00e1rtel Jalisco Nueva Generaci\u00f3n (CJNG), que deriv\u00f3 en las detenciones de Audias Flores Silva, alias \u201cEl Jardinero\u201d y C\u00e9sar Alejandro, \u201cG\u00fcero Conta\u201d. El funcionario federal detall\u00f3 que \u201cEl [&hellip;]","og_url":"https:\/\/informacionatiempo.com\/index.php\/2026\/04\/29\/jardinero-operaba-una-red-de-extorsion-contra-transportistas\/","og_site_name":"Informacion a Tiempo","article_published_time":"2026-04-29T19:35:25+00:00","og_image":[{"width":780,"height":470,"url":"https:\/\/informacionatiempo.com\/wp-content\/uploads\/2026\/04\/35.-peraba-una-red-de-extorsion-contra-t.jpg","type":"image\/jpeg"}],"author":"admin","twitter_card":"summary_large_image","twitter_misc":{"Escrito por":"admin","Tiempo de lectura":"2 minutos"},"schema":{"@context":"https:\/\/schema.org","@graph":[{"@type":"Article","@id":"https:\/\/informacionatiempo.com\/index.php\/2026\/04\/29\/jardinero-operaba-una-red-de-extorsion-contra-transportistas\/#article","isPartOf":{"@id":"https:\/\/informacionatiempo.com\/index.php\/2026\/04\/29\/jardinero-operaba-una-red-de-extorsion-contra-transportistas\/"},"author":{"name":"admin","@id":"https:\/\/informacionatiempo.com\/#\/schema\/person\/25f0647394c758e1938555a833abe2d8"},"headline":"&#8220;Jardinero&#8221; operaba una red de extorsi\u00f3n contra transportistas","datePublished":"2026-04-29T19:35:25+00:00","mainEntityOfPage":{"@id":"https:\/\/informacionatiempo.com\/index.php\/2026\/04\/29\/jardinero-operaba-una-red-de-extorsion-contra-transportistas\/"},"wordCount":384,"commentCount":0,"publisher":{"@id":"https:\/\/informacionatiempo.com\/#organization"},"image":{"@id":"https:\/\/informacionatiempo.com\/index.php\/2026\/04\/29\/jardinero-operaba-una-red-de-extorsion-contra-transportistas\/#primaryimage"},"thumbnailUrl":"https:\/\/informacionatiempo.com\/wp-content\/uploads\/2026\/04\/35.-peraba-una-red-de-extorsion-contra-t.jpg","articleSection":["Nacional"],"inLanguage":"es","potentialAction":[{"@type":"CommentAction","name":"Comment","target":["https:\/\/informacionatiempo.com\/index.php\/2026\/04\/29\/jardinero-operaba-una-red-de-extorsion-contra-transportistas\/#respond"]}]},{"@type":"WebPage","@id":"https:\/\/informacionatiempo.com\/index.php\/2026\/04\/29\/jardinero-operaba-una-red-de-extorsion-contra-transportistas\/","url":"https:\/\/informacionatiempo.com\/index.php\/2026\/04\/29\/jardinero-operaba-una-red-de-extorsion-contra-transportistas\/","name":"\"Jardinero\" operaba una red de extorsi\u00f3n contra transportistas - Informacion a Tiempo","isPartOf":{"@id":"https:\/\/informacionatiempo.com\/#website"},"primaryImageOfPage":{"@id":"https:\/\/informacionatiempo.com\/index.php\/2026\/04\/29\/jardinero-operaba-una-red-de-extorsion-contra-transportistas\/#primaryimage"},"image":{"@id":"https:\/\/informacionatiempo.com\/index.php\/2026\/04\/29\/jardinero-operaba-una-red-de-extorsion-contra-transportistas\/#primaryimage"},"thumbnailUrl":"https:\/\/informacionatiempo.com\/wp-content\/uploads\/2026\/04\/35.-peraba-una-red-de-extorsion-contra-t.jpg","datePublished":"2026-04-29T19:35:25+00:00","breadcrumb":{"@id":"https:\/\/informacionatiempo.com\/index.php\/2026\/04\/29\/jardinero-operaba-una-red-de-extorsion-contra-transportistas\/#breadcrumb"},"inLanguage":"es","potentialAction":[{"@type":"ReadAction","target":["https:\/\/informacionatiempo.com\/index.php\/2026\/04\/29\/jardinero-operaba-una-red-de-extorsion-contra-transportistas\/"]}]},{"@type":"ImageObject","inLanguage":"es","@id":"https:\/\/informacionatiempo.com\/index.php\/2026\/04\/29\/jardinero-operaba-una-red-de-extorsion-contra-transportistas\/#primaryimage","url":"https:\/\/informacionatiempo.com\/wp-content\/uploads\/2026\/04\/35.-peraba-una-red-de-extorsion-contra-t.jpg","contentUrl":"https:\/\/informacionatiempo.com\/wp-content\/uploads\/2026\/04\/35.-peraba-una-red-de-extorsion-contra-t.jpg","width":780,"height":470},{"@type":"BreadcrumbList","@id":"https:\/\/informacionatiempo.com\/index.php\/2026\/04\/29\/jardinero-operaba-una-red-de-extorsion-contra-transportistas\/#breadcrumb","itemListElement":[{"@type":"ListItem","position":1,"name":"Portada","item":"https:\/\/informacionatiempo.com\/"},{"@type":"ListItem","position":2,"name":"&#8220;Jardinero&#8221; operaba una red de extorsi\u00f3n contra transportistas"}]},{"@type":"WebSite","@id":"https:\/\/informacionatiempo.com\/#website","url":"https:\/\/informacionatiempo.com\/","name":"Informacion a Tiempo","description":"","publisher":{"@id":"https:\/\/informacionatiempo.com\/#organization"},"potentialAction":[{"@type":"SearchAction","target":{"@type":"EntryPoint","urlTemplate":"https:\/\/informacionatiempo.com\/?s={search_term_string}"},"query-input":{"@type":"PropertyValueSpecification","valueRequired":true,"valueName":"search_term_string"}}],"inLanguage":"es"},{"@type":"Organization","@id":"https:\/\/informacionatiempo.com\/#organization","name":"Informacion a Tiempo","url":"https:\/\/informacionatiempo.com\/","logo":{"@type":"ImageObject","inLanguage":"es","@id":"https:\/\/informacionatiempo.com\/#\/schema\/logo\/image\/","url":"https:\/\/informacionatiempo.com\/wp-content\/uploads\/2024\/04\/LOGOTIPO-INFORMACION-A-TIEMPO-ngo.png","contentUrl":"https:\/\/informacionatiempo.com\/wp-content\/uploads\/2024\/04\/LOGOTIPO-INFORMACION-A-TIEMPO-ngo.png","width":3000,"height":1282,"caption":"Informacion a Tiempo"},"image":{"@id":"https:\/\/informacionatiempo.com\/#\/schema\/logo\/image\/"}},{"@type":"Person","@id":"https:\/\/informacionatiempo.com\/#\/schema\/person\/25f0647394c758e1938555a833abe2d8","name":"admin","image":{"@type":"ImageObject","inLanguage":"es","@id":"https:\/\/secure.gravatar.com\/avatar\/3d0c9caacb01727b9e5a43062ac3de921de800e40a41035825c9150de2503e7d?s=96&d=mm&r=g","url":"https:\/\/secure.gravatar.com\/avatar\/3d0c9caacb01727b9e5a43062ac3de921de800e40a41035825c9150de2503e7d?s=96&d=mm&r=g","contentUrl":"https:\/\/secure.gravatar.com\/avatar\/3d0c9caacb01727b9e5a43062ac3de921de800e40a41035825c9150de2503e7d?s=96&d=mm&r=g","caption":"admin"},"sameAs":["https:\/\/informacionatiempo.com"],"url":"https:\/\/informacionatiempo.com\/index.php\/author\/admin\/"}]}},"_links":{"self":[{"href":"https:\/\/informacionatiempo.com\/index.php\/wp-json\/wp\/v2\/posts\/99390","targetHints":{"allow":["GET"]}}],"collection":[{"href":"https:\/\/informacionatiempo.com\/index.php\/wp-json\/wp\/v2\/posts"}],"about":[{"href":"https:\/\/informacionatiempo.com\/index.php\/wp-json\/wp\/v2\/types\/post"}],"author":[{"embeddable":true,"href":"https:\/\/informacionatiempo.com\/index.php\/wp-json\/wp\/v2\/users\/1"}],"replies":[{"embeddable":true,"href":"https:\/\/informacionatiempo.com\/index.php\/wp-json\/wp\/v2\/comments?post=99390"}],"version-history":[{"count":1,"href":"https:\/\/informacionatiempo.com\/index.php\/wp-json\/wp\/v2\/posts\/99390\/revisions"}],"predecessor-version":[{"id":99392,"href":"https:\/\/informacionatiempo.com\/index.php\/wp-json\/wp\/v2\/posts\/99390\/revisions\/99392"}],"wp:featuredmedia":[{"embeddable":true,"href":"https:\/\/informacionatiempo.com\/index.php\/wp-json\/wp\/v2\/media\/99391"}],"wp:attachment":[{"href":"https:\/\/informacionatiempo.com\/index.php\/wp-json\/wp\/v2\/media?parent=99390"}],"wp:term":[{"taxonomy":"category","embeddable":true,"href":"https:\/\/informacionatiempo.com\/index.php\/wp-json\/wp\/v2\/categories?post=99390"},{"taxonomy":"post_tag","embeddable":true,"href":"https:\/\/informacionatiempo.com\/index.php\/wp-json\/wp\/v2\/tags?post=99390"}],"curies":[{"name":"wp","href":"https:\/\/api.w.org\/{rel}","templated":true}]}}