{"id":99730,"date":"2026-09-02T12:25:22","date_gmt":"2026-09-02T18:25:22","guid":{"rendered":"https:\/\/informacionatiempo.com\/?p=99730"},"modified":"2026-09-02T12:25:23","modified_gmt":"2026-09-02T18:25:23","slug":"nepal-despide-a-victimas-de-la-riada-fatal-familias-realizan-funerales-simbolicos-sin-cuerpos","status":"publish","type":"post","link":"https:\/\/informacionatiempo.com\/index.php\/2026\/09\/02\/nepal-despide-a-victimas-de-la-riada-fatal-familias-realizan-funerales-simbolicos-sin-cuerpos\/","title":{"rendered":"Nepal despide a v\u00edctimas de la riada fatal; familias realizan funerales simb\u00f3licos, sin cuerpos"},"content":{"rendered":"\n<p class=\"wp-block-paragraph\">Tras d\u00edas de b\u00fasqueda en refugios y morgues, los familiares de algunas de las personas desaparecidas perdieron la esperanza y comenzaron a realizar los ritos<\/p>\n\n\n\n<p class=\"wp-block-paragraph\">Familias nepal\u00edes celebran&nbsp;<strong>ceremonias f\u00fanebres<\/strong>&nbsp;simb\u00f3licas para \u00abliberar\u00bb las almas de sus seres queridos&nbsp;<strong>desaparecidos<\/strong>&nbsp;tras el repentino y mort\u00edfero deslave y<strong>&nbsp;riada<\/strong>&nbsp;que hace una semana engull\u00f3 sus aldeas en la regi\u00f3n del&nbsp;<strong>Himalaya<\/strong>&nbsp;fronteriza con&nbsp;<strong>China<\/strong>.<\/p>\n\n\n\n<p class=\"wp-block-paragraph\">El 26 de agosto, una gigantesca<strong>&nbsp;ola de agua helada<\/strong>, rocas y escombros, provocada por el colapso de un&nbsp;<strong>glaciar<\/strong>, caus\u00f3 m\u00e1s de mil 220 muertos en ambos pa\u00edses y m\u00e1s de cuatro mil 700 desaparecidos.<\/p>\n\n\n\n<p class=\"wp-block-paragraph\">En&nbsp;<strong>Nepal<\/strong>, las autoridades actualizaron este mi\u00e9rcoles el balance de&nbsp;<strong>v\u00edctimas<\/strong>&nbsp;a mil 204 muertos y cuatro mil 216 desaparecidos, en un momento en que se desvanecen las esperanzas de rescatar a personas vivas, pese a los esfuerzos de los socorristas empantanados en el lodo, en una zona de alta monta\u00f1a.<\/p>\n\n\n\n<p class=\"wp-block-paragraph\">Los medios estatales de&nbsp;<strong>China<\/strong>&nbsp;reportaron de su lado 16 fallecidos y 546 no localizados.<\/p>\n\n\n\n<p class=\"wp-block-paragraph\">Tras d\u00edas de b\u00fasqueda en refugios y morgues, los familiares de algunas de las&nbsp;<strong>personas desaparecidas<\/strong>&nbsp;perdieron la esperanza y comenzaron a realizar los \u00faltimos ritos, quemando efigies de paja en&nbsp;<strong>rituales hind\u00faes<\/strong>.<\/p>\n\n\n\n<p class=\"wp-block-paragraph\">\u00abTuvimos que hacer esto para liberar su alma, para que est\u00e9 en paz y feliz dondequiera que est\u00e9\u00bb, asegur\u00f3 Dolma Newar Tamang, flanqueada por su hijo.<\/p>\n\n\n\n<p class=\"wp-block-paragraph\">Su esposo se dirig\u00eda a China cuando ocurri\u00f3 el&nbsp;<strong>desastre<\/strong>. \u00abVi las noticias y lo llam\u00e9\u00bb, dijo ella a la AFP. \u00abLo llam\u00e9 varias veces, pero nunca contest\u00f3\u00bb, cont\u00f3 entre sollozos.<\/p>\n\n\n\n<h2 class=\"wp-block-heading\">Contin\u00faan labores de rescate a una semana de tragedia en Nepal<\/h2>\n\n\n\n<p class=\"wp-block-paragraph\">A pesar de estas muestras de impotencia, los&nbsp;<strong>equipos de rescate<\/strong>&nbsp;nepal\u00edes siguen con la esperanza de encontrar sobrevivientes una semana despu\u00e9s del desastre, especialmente en los m\u00faltiples t\u00faneles de las<strong>&nbsp;centrales hidroel\u00e9ctricas&nbsp;<\/strong>de toda la regi\u00f3n.<\/p>\n\n\n\n<p class=\"wp-block-paragraph\">Hasta el momento, solo han recuperado cuerpos en los&nbsp;<strong>t\u00faneles&nbsp;<\/strong>bloqueados por el lodo.<\/p>\n\n\n\n<h2 class=\"wp-block-heading\">\u00abSe me hiela el coraz\u00f3n\u00bb<\/h2>\n\n\n\n<p class=\"wp-block-paragraph\">En Nepal, la tragedia ocurri\u00f3 casi un a\u00f1o despu\u00e9s de una&nbsp;<strong>ola de protestas<\/strong>&nbsp;contra la corrupci\u00f3n y la&nbsp;<strong>crisis econ\u00f3mica<\/strong>&nbsp;que se sald\u00f3 con muchos muertos y derroc\u00f3 al anterior gobierno.<\/p>\n\n\n\n<p class=\"wp-block-paragraph\">Este pa\u00eds pobre, mayoritariamente rural y muy dependiente del&nbsp;<strong>turismo<\/strong>, tiene pocos recursos para hacer frente a una crisis de esta magnitud.<\/p>\n\n\n\n<p class=\"wp-block-paragraph\">El primer ministro&nbsp;<strong>Balendra Shah<\/strong>, un exrapero de 36 a\u00f1os, calific\u00f3 el desastre de \u00abgolpe fulminante\u00bb para su pa\u00eds, en un emotivo discurso este mi\u00e9rcoles ante el Parlamento.<\/p>\n\n\n\n<p class=\"wp-block-paragraph\">\u00abSe me hiela el coraz\u00f3n cuando escucho los llantos de las v\u00edctimas de las inundaciones\u00bb, declar\u00f3.<\/p>\n\n\n\n<p class=\"wp-block-paragraph\">El pa\u00eds ha contribuido muy poco a las emisiones de&nbsp;<strong>gases de efecto invernadero<\/strong>&nbsp;que impulsan el calentamiento global, pero se encuentra entre los que sufren sus consecuencias.<\/p>\n\n\n\n<p class=\"wp-block-paragraph\">Seg\u00fan el primer ministro Shah, la cat\u00e1strofe muestra que los riesgos a los que se enfrenta la regi\u00f3n del Himalaya \u00abest\u00e1n aumentando a la par del&nbsp;<strong>cambio clim\u00e1tico<\/strong>\u00ab.<\/p>\n\n\n\n<p class=\"wp-block-paragraph\">Los cient\u00edficos afirman que la cordillera m\u00e1s alta del mundo se calienta r\u00e1pidamente a medida que aumentan las temperaturas globales, lo que acelera el derretimiento de los&nbsp;<strong>glaciares<\/strong>.<\/p>\n\n\n\n<p class=\"wp-block-paragraph\">Estas masas de hielo de las cadenas monta\u00f1osas del&nbsp;<strong>Himalaya<\/strong>&nbsp;y del Hindu Kush son una<strong>&nbsp;fuente de agua<\/strong>&nbsp;crucial para millones de personas en las regiones monta\u00f1osas y los valles fluviales del sur y el sureste de Asia que se encuentran m\u00e1s abajo.<\/p>\n\n\n\n<p class=\"wp-block-paragraph\">\u00abEl&nbsp;<strong>cambio clim\u00e1tico<\/strong>&nbsp;es un problema global, y la respuesta ante los desastres tambi\u00e9n es una responsabilidad global\u00bb, dijo Shah en una publicaci\u00f3n en redes sociales.<\/p>\n\n\n\n<h2 class=\"wp-block-heading\">Entierros masivos en Nepal<\/h2>\n\n\n\n<p class=\"wp-block-paragraph\">Con las morgues desbordadas en Nepal, las autoridades se han visto obligadas a enterrar cientos de cuerpos no identificados tras realizar pruebas de&nbsp;<strong>ADN<\/strong>.<\/p>\n\n\n\n<p class=\"wp-block-paragraph\">Entre las personas con las que se perdi\u00f3 contacto se encuentran m\u00e1s de 800<strong>&nbsp;extranjeros&nbsp;<\/strong>de m\u00e1s de 30 pa\u00edses.<\/p>\n\n\n\n<p class=\"wp-block-paragraph\">Entre ellos hay turistas que llegaron para hacer senderismo en el Himalaya, as\u00ed como peregrinos hind\u00faes que buscaban paz espiritual en el monte sagrado Kailash, en el&nbsp;<strong>T\u00edbet<\/strong>.<\/p>\n\n\n\n<p class=\"wp-block-paragraph\">En China, los&nbsp;<strong>periodistas extranjeros&nbsp;<\/strong>tienen restringida la cobertura period\u00edstica en el T\u00edbet, y las autoridades chinas controlan estrictamente las fuentes de informaci\u00f3n en la regi\u00f3n.<\/p>\n\n\n\n<p class=\"wp-block-paragraph\">Los grupos de defensa del T\u00edbet en el exilio han cuestionado la versi\u00f3n de&nbsp;<strong>Beijing<\/strong>&nbsp;sobre el desastre, pero el gigante asi\u00e1tico insiste en que \u00abla divulgaci\u00f3n de informaci\u00f3n ha sido abierta, transparente y oportuna\u00bb.<\/p>\n","protected":false},"excerpt":{"rendered":"<p>Tras d\u00edas de b\u00fasqueda en refugios y morgues, los familiares de algunas de las personas desaparecidas perdieron la esperanza y comenzaron a realizar los ritos Familias nepal\u00edes celebran&nbsp;ceremonias f\u00fanebres&nbsp;simb\u00f3licas para \u00abliberar\u00bb las almas de sus seres queridos&nbsp;desaparecidos&nbsp;tras el repentino y mort\u00edfero deslave y&nbsp;riada&nbsp;que hace una semana engull\u00f3 sus aldeas en la regi\u00f3n del&nbsp;Himalaya&nbsp;fronteriza con&nbsp;China. El [&hellip;]<\/p>\n","protected":false},"author":1,"featured_media":99731,"comment_status":"open","ping_status":"open","sticky":false,"template":"","format":"standard","meta":{"inline_featured_image":false,"footnotes":""},"categories":[165],"tags":[],"class_list":["post-99730","post","type-post","status-publish","format-standard","has-post-thumbnail","hentry","category-internacional"],"yoast_head":"<!-- This site is optimized with the Yoast SEO plugin v28.4 - https:\/\/yoast.com\/product\/yoast-seo-wordpress\/ -->\n<title>Nepal despide a v\u00edctimas de la riada fatal; familias realizan funerales simb\u00f3licos, sin cuerpos - Informacion a Tiempo<\/title>\n<meta name=\"robots\" content=\"index, follow, max-snippet:-1, max-image-preview:large, max-video-preview:-1\" \/>\n<link rel=\"canonical\" href=\"https:\/\/informacionatiempo.com\/index.php\/2026\/09\/02\/nepal-despide-a-victimas-de-la-riada-fatal-familias-realizan-funerales-simbolicos-sin-cuerpos\/\" \/>\n<meta property=\"og:locale\" content=\"es_ES\" \/>\n<meta property=\"og:type\" content=\"article\" \/>\n<meta property=\"og:title\" content=\"Nepal despide a v\u00edctimas de la riada fatal; familias realizan funerales simb\u00f3licos, sin cuerpos - Informacion a Tiempo\" \/>\n<meta property=\"og:description\" content=\"Tras d\u00edas de b\u00fasqueda en refugios y morgues, los familiares de algunas de las personas desaparecidas perdieron la esperanza y comenzaron a realizar los ritos Familias nepal\u00edes celebran&nbsp;ceremonias f\u00fanebres&nbsp;simb\u00f3licas para \u00abliberar\u00bb las almas de sus seres queridos&nbsp;desaparecidos&nbsp;tras el repentino y mort\u00edfero deslave y&nbsp;riada&nbsp;que hace una semana engull\u00f3 sus aldeas en la regi\u00f3n del&nbsp;Himalaya&nbsp;fronteriza con&nbsp;China. El [&hellip;]\" \/>\n<meta property=\"og:url\" content=\"https:\/\/informacionatiempo.com\/index.php\/2026\/09\/02\/nepal-despide-a-victimas-de-la-riada-fatal-familias-realizan-funerales-simbolicos-sin-cuerpos\/\" \/>\n<meta property=\"og:site_name\" content=\"Informacion a Tiempo\" \/>\n<meta property=\"article:published_time\" content=\"2026-09-02T18:25:22+00:00\" \/>\n<meta property=\"article:modified_time\" content=\"2026-09-02T18:25:23+00:00\" \/>\n<meta property=\"og:image\" content=\"https:\/\/informacionatiempo.com\/wp-content\/uploads\/2026\/09\/image-77.jpg\" \/>\n\t<meta property=\"og:image:width\" content=\"605\" \/>\n\t<meta property=\"og:image:height\" content=\"373\" \/>\n\t<meta property=\"og:image:type\" content=\"image\/jpeg\" \/>\n<meta name=\"author\" content=\"admin\" \/>\n<meta name=\"twitter:card\" content=\"summary_large_image\" \/>\n<meta name=\"twitter:label1\" content=\"Escrito por\" \/>\n\t<meta name=\"twitter:data1\" content=\"admin\" \/>\n\t<meta name=\"twitter:label2\" content=\"Tiempo de lectura\" \/>\n\t<meta name=\"twitter:data2\" content=\"4 minutos\" \/>\n<script type=\"application\/ld+json\" class=\"yoast-schema-graph\">{\"@context\":\"https:\\\/\\\/schema.org\",\"@graph\":[{\"@type\":\"Article\",\"@id\":\"https:\\\/\\\/informacionatiempo.com\\\/index.php\\\/2026\\\/09\\\/02\\\/nepal-despide-a-victimas-de-la-riada-fatal-familias-realizan-funerales-simbolicos-sin-cuerpos\\\/#article\",\"isPartOf\":{\"@id\":\"https:\\\/\\\/informacionatiempo.com\\\/index.php\\\/2026\\\/09\\\/02\\\/nepal-despide-a-victimas-de-la-riada-fatal-familias-realizan-funerales-simbolicos-sin-cuerpos\\\/\"},\"author\":{\"name\":\"admin\",\"@id\":\"https:\\\/\\\/informacionatiempo.com\\\/#\\\/schema\\\/person\\\/dc98ac6f230dc35b3c3cc69adefe53d6\"},\"headline\":\"Nepal despide a v\u00edctimas de la riada fatal; familias realizan funerales simb\u00f3licos, sin cuerpos\",\"datePublished\":\"2026-09-02T18:25:22+00:00\",\"dateModified\":\"2026-09-02T18:25:23+00:00\",\"mainEntityOfPage\":{\"@id\":\"https:\\\/\\\/informacionatiempo.com\\\/index.php\\\/2026\\\/09\\\/02\\\/nepal-despide-a-victimas-de-la-riada-fatal-familias-realizan-funerales-simbolicos-sin-cuerpos\\\/\"},\"wordCount\":832,\"commentCount\":0,\"publisher\":{\"@id\":\"https:\\\/\\\/informacionatiempo.com\\\/#organization\"},\"image\":{\"@id\":\"https:\\\/\\\/informacionatiempo.com\\\/index.php\\\/2026\\\/09\\\/02\\\/nepal-despide-a-victimas-de-la-riada-fatal-familias-realizan-funerales-simbolicos-sin-cuerpos\\\/#primaryimage\"},\"thumbnailUrl\":\"https:\\\/\\\/informacionatiempo.com\\\/wp-content\\\/uploads\\\/2026\\\/09\\\/image-77.jpg\",\"articleSection\":[\"Internacional\"],\"inLanguage\":\"es\",\"potentialAction\":[{\"@type\":\"CommentAction\",\"name\":\"Comment\",\"target\":[\"https:\\\/\\\/informacionatiempo.com\\\/index.php\\\/2026\\\/09\\\/02\\\/nepal-despide-a-victimas-de-la-riada-fatal-familias-realizan-funerales-simbolicos-sin-cuerpos\\\/#respond\"]}]},{\"@type\":\"WebPage\",\"@id\":\"https:\\\/\\\/informacionatiempo.com\\\/index.php\\\/2026\\\/09\\\/02\\\/nepal-despide-a-victimas-de-la-riada-fatal-familias-realizan-funerales-simbolicos-sin-cuerpos\\\/\",\"url\":\"https:\\\/\\\/informacionatiempo.com\\\/index.php\\\/2026\\\/09\\\/02\\\/nepal-despide-a-victimas-de-la-riada-fatal-familias-realizan-funerales-simbolicos-sin-cuerpos\\\/\",\"name\":\"Nepal despide a v\u00edctimas de la riada fatal; familias realizan funerales simb\u00f3licos, sin cuerpos - Informacion a Tiempo\",\"isPartOf\":{\"@id\":\"https:\\\/\\\/informacionatiempo.com\\\/#website\"},\"primaryImageOfPage\":{\"@id\":\"https:\\\/\\\/informacionatiempo.com\\\/index.php\\\/2026\\\/09\\\/02\\\/nepal-despide-a-victimas-de-la-riada-fatal-familias-realizan-funerales-simbolicos-sin-cuerpos\\\/#primaryimage\"},\"image\":{\"@id\":\"https:\\\/\\\/informacionatiempo.com\\\/index.php\\\/2026\\\/09\\\/02\\\/nepal-despide-a-victimas-de-la-riada-fatal-familias-realizan-funerales-simbolicos-sin-cuerpos\\\/#primaryimage\"},\"thumbnailUrl\":\"https:\\\/\\\/informacionatiempo.com\\\/wp-content\\\/uploads\\\/2026\\\/09\\\/image-77.jpg\",\"datePublished\":\"2026-09-02T18:25:22+00:00\",\"dateModified\":\"2026-09-02T18:25:23+00:00\",\"breadcrumb\":{\"@id\":\"https:\\\/\\\/informacionatiempo.com\\\/index.php\\\/2026\\\/09\\\/02\\\/nepal-despide-a-victimas-de-la-riada-fatal-familias-realizan-funerales-simbolicos-sin-cuerpos\\\/#breadcrumb\"},\"inLanguage\":\"es\",\"potentialAction\":[{\"@type\":\"ReadAction\",\"target\":[\"https:\\\/\\\/informacionatiempo.com\\\/index.php\\\/2026\\\/09\\\/02\\\/nepal-despide-a-victimas-de-la-riada-fatal-familias-realizan-funerales-simbolicos-sin-cuerpos\\\/\"]}]},{\"@type\":\"ImageObject\",\"inLanguage\":\"es\",\"@id\":\"https:\\\/\\\/informacionatiempo.com\\\/index.php\\\/2026\\\/09\\\/02\\\/nepal-despide-a-victimas-de-la-riada-fatal-familias-realizan-funerales-simbolicos-sin-cuerpos\\\/#primaryimage\",\"url\":\"https:\\\/\\\/informacionatiempo.com\\\/wp-content\\\/uploads\\\/2026\\\/09\\\/image-77.jpg\",\"contentUrl\":\"https:\\\/\\\/informacionatiempo.com\\\/wp-content\\\/uploads\\\/2026\\\/09\\\/image-77.jpg\",\"width\":605,\"height\":373},{\"@type\":\"BreadcrumbList\",\"@id\":\"https:\\\/\\\/informacionatiempo.com\\\/index.php\\\/2026\\\/09\\\/02\\\/nepal-despide-a-victimas-de-la-riada-fatal-familias-realizan-funerales-simbolicos-sin-cuerpos\\\/#breadcrumb\",\"itemListElement\":[{\"@type\":\"ListItem\",\"position\":1,\"name\":\"Portada\",\"item\":\"https:\\\/\\\/informacionatiempo.com\\\/\"},{\"@type\":\"ListItem\",\"position\":2,\"name\":\"Nepal despide a v\u00edctimas de la riada fatal; familias realizan funerales simb\u00f3licos, sin cuerpos\"}]},{\"@type\":\"WebSite\",\"@id\":\"https:\\\/\\\/informacionatiempo.com\\\/#website\",\"url\":\"https:\\\/\\\/informacionatiempo.com\\\/\",\"name\":\"Informacion a Tiempo\",\"description\":\"\",\"publisher\":{\"@id\":\"https:\\\/\\\/informacionatiempo.com\\\/#organization\"},\"potentialAction\":[{\"@type\":\"SearchAction\",\"target\":{\"@type\":\"EntryPoint\",\"urlTemplate\":\"https:\\\/\\\/informacionatiempo.com\\\/?s={search_term_string}\"},\"query-input\":{\"@type\":\"PropertyValueSpecification\",\"valueRequired\":true,\"valueName\":\"search_term_string\"}}],\"inLanguage\":\"es\"},{\"@type\":\"Organization\",\"@id\":\"https:\\\/\\\/informacionatiempo.com\\\/#organization\",\"name\":\"Informacion a Tiempo\",\"url\":\"https:\\\/\\\/informacionatiempo.com\\\/\",\"logo\":{\"@type\":\"ImageObject\",\"inLanguage\":\"es\",\"@id\":\"https:\\\/\\\/informacionatiempo.com\\\/#\\\/schema\\\/logo\\\/image\\\/\",\"url\":\"https:\\\/\\\/informacionatiempo.com\\\/wp-content\\\/uploads\\\/2024\\\/04\\\/LOGOTIPO-INFORMACION-A-TIEMPO-ngo.png\",\"contentUrl\":\"https:\\\/\\\/informacionatiempo.com\\\/wp-content\\\/uploads\\\/2024\\\/04\\\/LOGOTIPO-INFORMACION-A-TIEMPO-ngo.png\",\"width\":3000,\"height\":1282,\"caption\":\"Informacion a Tiempo\"},\"image\":{\"@id\":\"https:\\\/\\\/informacionatiempo.com\\\/#\\\/schema\\\/logo\\\/image\\\/\"}},{\"@type\":\"Person\",\"@id\":\"https:\\\/\\\/informacionatiempo.com\\\/#\\\/schema\\\/person\\\/dc98ac6f230dc35b3c3cc69adefe53d6\",\"name\":\"admin\",\"image\":{\"@type\":\"ImageObject\",\"inLanguage\":\"es\",\"@id\":\"https:\\\/\\\/secure.gravatar.com\\\/avatar\\\/3d0c9caacb01727b9e5a43062ac3de921de800e40a41035825c9150de2503e7d?s=96&d=mm&r=g\",\"url\":\"https:\\\/\\\/secure.gravatar.com\\\/avatar\\\/3d0c9caacb01727b9e5a43062ac3de921de800e40a41035825c9150de2503e7d?s=96&d=mm&r=g\",\"contentUrl\":\"https:\\\/\\\/secure.gravatar.com\\\/avatar\\\/3d0c9caacb01727b9e5a43062ac3de921de800e40a41035825c9150de2503e7d?s=96&d=mm&r=g\",\"caption\":\"admin\"},\"sameAs\":[\"https:\\\/\\\/informacionatiempo.com\"],\"url\":\"https:\\\/\\\/informacionatiempo.com\\\/index.php\\\/author\\\/admin\\\/\"}]}<\/script>\n<!-- \/ Yoast SEO plugin. -->","yoast_head_json":{"title":"Nepal despide a v\u00edctimas de la riada fatal; familias realizan funerales simb\u00f3licos, sin cuerpos - Informacion a Tiempo","robots":{"index":"index","follow":"follow","max-snippet":"max-snippet:-1","max-image-preview":"max-image-preview:large","max-video-preview":"max-video-preview:-1"},"canonical":"https:\/\/informacionatiempo.com\/index.php\/2026\/09\/02\/nepal-despide-a-victimas-de-la-riada-fatal-familias-realizan-funerales-simbolicos-sin-cuerpos\/","og_locale":"es_ES","og_type":"article","og_title":"Nepal despide a v\u00edctimas de la riada fatal; familias realizan funerales simb\u00f3licos, sin cuerpos - Informacion a Tiempo","og_description":"Tras d\u00edas de b\u00fasqueda en refugios y morgues, los familiares de algunas de las personas desaparecidas perdieron la esperanza y comenzaron a realizar los ritos Familias nepal\u00edes celebran&nbsp;ceremonias f\u00fanebres&nbsp;simb\u00f3licas para \u00abliberar\u00bb las almas de sus seres queridos&nbsp;desaparecidos&nbsp;tras el repentino y mort\u00edfero deslave y&nbsp;riada&nbsp;que hace una semana engull\u00f3 sus aldeas en la regi\u00f3n del&nbsp;Himalaya&nbsp;fronteriza con&nbsp;China. El [&hellip;]","og_url":"https:\/\/informacionatiempo.com\/index.php\/2026\/09\/02\/nepal-despide-a-victimas-de-la-riada-fatal-familias-realizan-funerales-simbolicos-sin-cuerpos\/","og_site_name":"Informacion a Tiempo","article_published_time":"2026-09-02T18:25:22+00:00","article_modified_time":"2026-09-02T18:25:23+00:00","og_image":[{"width":605,"height":373,"url":"https:\/\/informacionatiempo.com\/wp-content\/uploads\/2026\/09\/image-77.jpg","type":"image\/jpeg"}],"author":"admin","twitter_card":"summary_large_image","twitter_misc":{"Escrito por":"admin","Tiempo de lectura":"4 minutos"},"schema":{"@context":"https:\/\/schema.org","@graph":[{"@type":"Article","@id":"https:\/\/informacionatiempo.com\/index.php\/2026\/09\/02\/nepal-despide-a-victimas-de-la-riada-fatal-familias-realizan-funerales-simbolicos-sin-cuerpos\/#article","isPartOf":{"@id":"https:\/\/informacionatiempo.com\/index.php\/2026\/09\/02\/nepal-despide-a-victimas-de-la-riada-fatal-familias-realizan-funerales-simbolicos-sin-cuerpos\/"},"author":{"name":"admin","@id":"https:\/\/informacionatiempo.com\/#\/schema\/person\/dc98ac6f230dc35b3c3cc69adefe53d6"},"headline":"Nepal despide a v\u00edctimas de la riada fatal; familias realizan funerales simb\u00f3licos, sin cuerpos","datePublished":"2026-09-02T18:25:22+00:00","dateModified":"2026-09-02T18:25:23+00:00","mainEntityOfPage":{"@id":"https:\/\/informacionatiempo.com\/index.php\/2026\/09\/02\/nepal-despide-a-victimas-de-la-riada-fatal-familias-realizan-funerales-simbolicos-sin-cuerpos\/"},"wordCount":832,"commentCount":0,"publisher":{"@id":"https:\/\/informacionatiempo.com\/#organization"},"image":{"@id":"https:\/\/informacionatiempo.com\/index.php\/2026\/09\/02\/nepal-despide-a-victimas-de-la-riada-fatal-familias-realizan-funerales-simbolicos-sin-cuerpos\/#primaryimage"},"thumbnailUrl":"https:\/\/informacionatiempo.com\/wp-content\/uploads\/2026\/09\/image-77.jpg","articleSection":["Internacional"],"inLanguage":"es","potentialAction":[{"@type":"CommentAction","name":"Comment","target":["https:\/\/informacionatiempo.com\/index.php\/2026\/09\/02\/nepal-despide-a-victimas-de-la-riada-fatal-familias-realizan-funerales-simbolicos-sin-cuerpos\/#respond"]}]},{"@type":"WebPage","@id":"https:\/\/informacionatiempo.com\/index.php\/2026\/09\/02\/nepal-despide-a-victimas-de-la-riada-fatal-familias-realizan-funerales-simbolicos-sin-cuerpos\/","url":"https:\/\/informacionatiempo.com\/index.php\/2026\/09\/02\/nepal-despide-a-victimas-de-la-riada-fatal-familias-realizan-funerales-simbolicos-sin-cuerpos\/","name":"Nepal despide a v\u00edctimas de la riada fatal; familias realizan funerales simb\u00f3licos, sin cuerpos - Informacion a Tiempo","isPartOf":{"@id":"https:\/\/informacionatiempo.com\/#website"},"primaryImageOfPage":{"@id":"https:\/\/informacionatiempo.com\/index.php\/2026\/09\/02\/nepal-despide-a-victimas-de-la-riada-fatal-familias-realizan-funerales-simbolicos-sin-cuerpos\/#primaryimage"},"image":{"@id":"https:\/\/informacionatiempo.com\/index.php\/2026\/09\/02\/nepal-despide-a-victimas-de-la-riada-fatal-familias-realizan-funerales-simbolicos-sin-cuerpos\/#primaryimage"},"thumbnailUrl":"https:\/\/informacionatiempo.com\/wp-content\/uploads\/2026\/09\/image-77.jpg","datePublished":"2026-09-02T18:25:22+00:00","dateModified":"2026-09-02T18:25:23+00:00","breadcrumb":{"@id":"https:\/\/informacionatiempo.com\/index.php\/2026\/09\/02\/nepal-despide-a-victimas-de-la-riada-fatal-familias-realizan-funerales-simbolicos-sin-cuerpos\/#breadcrumb"},"inLanguage":"es","potentialAction":[{"@type":"ReadAction","target":["https:\/\/informacionatiempo.com\/index.php\/2026\/09\/02\/nepal-despide-a-victimas-de-la-riada-fatal-familias-realizan-funerales-simbolicos-sin-cuerpos\/"]}]},{"@type":"ImageObject","inLanguage":"es","@id":"https:\/\/informacionatiempo.com\/index.php\/2026\/09\/02\/nepal-despide-a-victimas-de-la-riada-fatal-familias-realizan-funerales-simbolicos-sin-cuerpos\/#primaryimage","url":"https:\/\/informacionatiempo.com\/wp-content\/uploads\/2026\/09\/image-77.jpg","contentUrl":"https:\/\/informacionatiempo.com\/wp-content\/uploads\/2026\/09\/image-77.jpg","width":605,"height":373},{"@type":"BreadcrumbList","@id":"https:\/\/informacionatiempo.com\/index.php\/2026\/09\/02\/nepal-despide-a-victimas-de-la-riada-fatal-familias-realizan-funerales-simbolicos-sin-cuerpos\/#breadcrumb","itemListElement":[{"@type":"ListItem","position":1,"name":"Portada","item":"https:\/\/informacionatiempo.com\/"},{"@type":"ListItem","position":2,"name":"Nepal despide a v\u00edctimas de la riada fatal; familias realizan funerales simb\u00f3licos, sin cuerpos"}]},{"@type":"WebSite","@id":"https:\/\/informacionatiempo.com\/#website","url":"https:\/\/informacionatiempo.com\/","name":"Informacion a Tiempo","description":"","publisher":{"@id":"https:\/\/informacionatiempo.com\/#organization"},"potentialAction":[{"@type":"SearchAction","target":{"@type":"EntryPoint","urlTemplate":"https:\/\/informacionatiempo.com\/?s={search_term_string}"},"query-input":{"@type":"PropertyValueSpecification","valueRequired":true,"valueName":"search_term_string"}}],"inLanguage":"es"},{"@type":"Organization","@id":"https:\/\/informacionatiempo.com\/#organization","name":"Informacion a Tiempo","url":"https:\/\/informacionatiempo.com\/","logo":{"@type":"ImageObject","inLanguage":"es","@id":"https:\/\/informacionatiempo.com\/#\/schema\/logo\/image\/","url":"https:\/\/informacionatiempo.com\/wp-content\/uploads\/2024\/04\/LOGOTIPO-INFORMACION-A-TIEMPO-ngo.png","contentUrl":"https:\/\/informacionatiempo.com\/wp-content\/uploads\/2024\/04\/LOGOTIPO-INFORMACION-A-TIEMPO-ngo.png","width":3000,"height":1282,"caption":"Informacion a Tiempo"},"image":{"@id":"https:\/\/informacionatiempo.com\/#\/schema\/logo\/image\/"}},{"@type":"Person","@id":"https:\/\/informacionatiempo.com\/#\/schema\/person\/dc98ac6f230dc35b3c3cc69adefe53d6","name":"admin","image":{"@type":"ImageObject","inLanguage":"es","@id":"https:\/\/secure.gravatar.com\/avatar\/3d0c9caacb01727b9e5a43062ac3de921de800e40a41035825c9150de2503e7d?s=96&d=mm&r=g","url":"https:\/\/secure.gravatar.com\/avatar\/3d0c9caacb01727b9e5a43062ac3de921de800e40a41035825c9150de2503e7d?s=96&d=mm&r=g","contentUrl":"https:\/\/secure.gravatar.com\/avatar\/3d0c9caacb01727b9e5a43062ac3de921de800e40a41035825c9150de2503e7d?s=96&d=mm&r=g","caption":"admin"},"sameAs":["https:\/\/informacionatiempo.com"],"url":"https:\/\/informacionatiempo.com\/index.php\/author\/admin\/"}]}},"_links":{"self":[{"href":"https:\/\/informacionatiempo.com\/index.php\/wp-json\/wp\/v2\/posts\/99730","targetHints":{"allow":["GET"]}}],"collection":[{"href":"https:\/\/informacionatiempo.com\/index.php\/wp-json\/wp\/v2\/posts"}],"about":[{"href":"https:\/\/informacionatiempo.com\/index.php\/wp-json\/wp\/v2\/types\/post"}],"author":[{"embeddable":true,"href":"https:\/\/informacionatiempo.com\/index.php\/wp-json\/wp\/v2\/users\/1"}],"replies":[{"embeddable":true,"href":"https:\/\/informacionatiempo.com\/index.php\/wp-json\/wp\/v2\/comments?post=99730"}],"version-history":[{"count":1,"href":"https:\/\/informacionatiempo.com\/index.php\/wp-json\/wp\/v2\/posts\/99730\/revisions"}],"predecessor-version":[{"id":99732,"href":"https:\/\/informacionatiempo.com\/index.php\/wp-json\/wp\/v2\/posts\/99730\/revisions\/99732"}],"wp:featuredmedia":[{"embeddable":true,"href":"https:\/\/informacionatiempo.com\/index.php\/wp-json\/wp\/v2\/media\/99731"}],"wp:attachment":[{"href":"https:\/\/informacionatiempo.com\/index.php\/wp-json\/wp\/v2\/media?parent=99730"}],"wp:term":[{"taxonomy":"category","embeddable":true,"href":"https:\/\/informacionatiempo.com\/index.php\/wp-json\/wp\/v2\/categories?post=99730"},{"taxonomy":"post_tag","embeddable":true,"href":"https:\/\/informacionatiempo.com\/index.php\/wp-json\/wp\/v2\/tags?post=99730"}],"curies":[{"name":"wp","href":"https:\/\/api.w.org\/{rel}","templated":true}]}}