{"id":99737,"date":"2026-09-04T12:06:26","date_gmt":"2026-09-04T18:06:26","guid":{"rendered":"https:\/\/informacionatiempo.com\/?p=99737"},"modified":"2026-09-04T12:06:27","modified_gmt":"2026-09-04T18:06:27","slug":"rafael-louzan-desde-ceuta-espana-va-a-albergar-la-gran-final-del-mundial-de-2030","status":"publish","type":"post","link":"https:\/\/informacionatiempo.com\/index.php\/2026\/09\/04\/rafael-louzan-desde-ceuta-espana-va-a-albergar-la-gran-final-del-mundial-de-2030\/","title":{"rendered":"Rafael Louz\u00e1n desde Ceuta: Espa\u00f1a va a albergar la gran final del Mundial de 2030"},"content":{"rendered":"\n<p class=\"wp-block-paragraph\">Ceuta, 4 sep (EFE).- El presidente de la Real Federaci\u00f3n Espa\u00f1ola de F\u00fatbol (RFEF), Rafael Louz\u00e1n, ha destacado este viernes que no hay \u201cmejor sitio\u201d para que la Copa del Mundo conquistada este verano en Estados Unidos inicie su recorrido por Espa\u00f1a que Ceuta, \u201cporque esta ciudad ha demostrado que Espa\u00f1a es Ceuta\u201d.<\/p>\n\n\n\n<p class=\"wp-block-paragraph\">Rafael Louz\u00e1n se ha pronunciado as\u00ed en un acto institucional celebrado en el sal\u00f3n del trono del Palacio Auton\u00f3mico con motivo de una visita que el m\u00e1ximo dirigente de la RFEF ha querido realizar a la ciudad acompa\u00f1ado por el seleccionador nacional, Luis de la Fuente, como gesto de \u201capoyo\u201d a sus habitantes en la crisis que atraviesa Ceuta por la entrada de miles de personas el pasado 30 de julio.<\/p>\n\n\n\n<p class=\"wp-block-paragraph\">El f\u00fatbol \u201ces lo que m\u00e1s ha unido a Espa\u00f1a con la selecci\u00f3n y esta Copa del Mundo empieza aqu\u00ed su gira y hay que reconocer el trabajo bien hecho desde esta ciudad con un equipo como el Ceuta que est\u00e1 en el f\u00fatbol profesional y eso es muy bonito porque el f\u00fatbol espa\u00f1ol debe tener mucha pluralidad\u201d.<\/p>\n\n\n\n<p class=\"wp-block-paragraph\">El presidente de la RFEF ha querido mostrar su \u201ccari\u00f1o\u201d al pueblo ceut\u00ed y ha valorado al presidente de la ciudad, Juan Jes\u00fas Vivas, \u201cporque con 73 a\u00f1os est\u00e1 dando una imagen de entrega y compromiso total hacia su ciudad y a Espa\u00f1a\u00bb, por lo que est\u00e1n \u00abmuy orgullosos de Vivas y de c\u00f3mo trabaja para su gente\u201d.<\/p>\n\n\n\n<p class=\"wp-block-paragraph\">Ha dicho que s\u00f3lo tiene \u201cpalabras de agradecimiento\u201d para los que han \u00absufrido una situaci\u00f3n muy dif\u00edcil y tambi\u00e9n hay que agradecer a los millones de espa\u00f1oles que han llenado las plazas del pa\u00eds y han demostrado que Espa\u00f1a es Ceuta y que Ceuta es Espa\u00f1a\u201d.<\/p>\n\n\n\n<p class=\"wp-block-paragraph\">En su opini\u00f3n, lo ocurrido en Ceuta \u201cdebe tener una soluci\u00f3n m\u00e1s pronto que tarde y desde la casa del f\u00fatbol espa\u00f1ol\u00bb quieren \u00abseguir dando alegr\u00edas\u00bb, por lo que s\u00f3lo puede \u00abmandar fuerza, \u00e1nimo y cari\u00f1o de la gran familia de la Real Federaci\u00f3n Espa\u00f1ola de F\u00fatbol a todos los ceut\u00edes\u201d.<\/p>\n\n\n\n<h2 class=\"wp-block-heading\"><strong>Luis de la Fuente<\/strong><\/h2>\n\n\n\n<p class=\"wp-block-paragraph\">El seleccionador nacional, por su parte, ha se\u00f1alado que se sent\u00eda \u201cmuy orgulloso, emocionado y agradecido\u201d en esta jornada, en la que quer\u00eda trasladar el \u201c\u00e1nimo e impulso de un pa\u00eds\u00bb.<\/p>\n\n\n\n<p class=\"wp-block-paragraph\">\u201cEl f\u00fatbol es una escuela de valores, entre ellos solidaridad, sacrificio, esfuerzo y generosidad, y todos los ceut\u00edes os hab\u00e9is convertido en mis \u00eddolos por la entereza y un ejemplo de saber estar\u201d, ha apuntado.<\/p>\n\n\n\n<p class=\"wp-block-paragraph\">El seleccionador ha insistido en que el f\u00fatbol \u201ces un elemento de uni\u00f3n y el 2 de septiembre\u00bb sinti\u00f3 \u00abemoci\u00f3n, orgulloso y uni\u00f3n de toda Espa\u00f1a ya que ver las manifestaciones en favor de Ceuta\u00bb le gener\u00f3 \u00abm\u00e1s emoci\u00f3n que cuando celebraban la consecuci\u00f3n de la Copa del Mundo\u201d.<\/p>\n\n\n\n<p class=\"wp-block-paragraph\">\u201cNo est\u00e1is solos. Vamos a estar con vosotros hasta el final y lo que podamos aportar all\u00ed estaremos. Deseo que esto se solucione muy pronto con la ayuda de todos los espa\u00f1oles\u201d, ha subrayado.<\/p>\n\n\n\n<p class=\"wp-block-paragraph\">Tras las palabras, Louz\u00e1n y De la Fuente, ambos le han entregado el trofeo de campe\u00f3n de mundo al presidente de Ceuta, Juan Jes\u00fas Vivas, con el que previamente hab\u00edan intercambiado otros recuerdos en esta visita institucional que el presidente de la ciudad aut\u00f3noma ha agradecido \u201cporque el f\u00fatbol es un fen\u00f3meno sociol\u00f3gico de una trascendencia enorme\u201d.<\/p>\n","protected":false},"excerpt":{"rendered":"<p>Ceuta, 4 sep (EFE).- El presidente de la Real Federaci\u00f3n Espa\u00f1ola de F\u00fatbol (RFEF), Rafael Louz\u00e1n, ha destacado este viernes que no hay \u201cmejor sitio\u201d para que la Copa del Mundo conquistada este verano en Estados Unidos inicie su recorrido por Espa\u00f1a que Ceuta, \u201cporque esta ciudad ha demostrado que Espa\u00f1a es Ceuta\u201d. Rafael Louz\u00e1n [&hellip;]<\/p>\n","protected":false},"author":1,"featured_media":99738,"comment_status":"open","ping_status":"open","sticky":false,"template":"","format":"standard","meta":{"inline_featured_image":false,"footnotes":""},"categories":[97],"tags":[],"class_list":["post-99737","post","type-post","status-publish","format-standard","has-post-thumbnail","hentry","category-deportes"],"yoast_head":"<!-- This site is optimized with the Yoast SEO plugin v28.4 - https:\/\/yoast.com\/product\/yoast-seo-wordpress\/ -->\n<title>Rafael Louz\u00e1n desde Ceuta: Espa\u00f1a va a albergar la gran final del Mundial de 2030 - Informacion a Tiempo<\/title>\n<meta name=\"robots\" content=\"index, follow, max-snippet:-1, max-image-preview:large, max-video-preview:-1\" \/>\n<link rel=\"canonical\" href=\"https:\/\/informacionatiempo.com\/index.php\/2026\/09\/04\/rafael-louzan-desde-ceuta-espana-va-a-albergar-la-gran-final-del-mundial-de-2030\/\" \/>\n<meta property=\"og:locale\" content=\"es_ES\" \/>\n<meta property=\"og:type\" content=\"article\" \/>\n<meta property=\"og:title\" content=\"Rafael Louz\u00e1n desde Ceuta: Espa\u00f1a va a albergar la gran final del Mundial de 2030 - Informacion a Tiempo\" \/>\n<meta property=\"og:description\" content=\"Ceuta, 4 sep (EFE).- El presidente de la Real Federaci\u00f3n Espa\u00f1ola de F\u00fatbol (RFEF), Rafael Louz\u00e1n, ha destacado este viernes que no hay \u201cmejor sitio\u201d para que la Copa del Mundo conquistada este verano en Estados Unidos inicie su recorrido por Espa\u00f1a que Ceuta, \u201cporque esta ciudad ha demostrado que Espa\u00f1a es Ceuta\u201d. Rafael Louz\u00e1n [&hellip;]\" \/>\n<meta property=\"og:url\" content=\"https:\/\/informacionatiempo.com\/index.php\/2026\/09\/04\/rafael-louzan-desde-ceuta-espana-va-a-albergar-la-gran-final-del-mundial-de-2030\/\" \/>\n<meta property=\"og:site_name\" content=\"Informacion a Tiempo\" \/>\n<meta property=\"article:published_time\" content=\"2026-09-04T18:06:26+00:00\" \/>\n<meta property=\"article:modified_time\" content=\"2026-09-04T18:06:27+00:00\" \/>\n<meta property=\"og:image\" content=\"https:\/\/informacionatiempo.com\/wp-content\/uploads\/2026\/09\/rss-efedc9fd846c0f9caa98db6b018f899780f0660cae1w-1024x576-1.jpg\" \/>\n\t<meta property=\"og:image:width\" content=\"1024\" \/>\n\t<meta property=\"og:image:height\" content=\"576\" \/>\n\t<meta property=\"og:image:type\" content=\"image\/jpeg\" \/>\n<meta name=\"author\" content=\"admin\" \/>\n<meta name=\"twitter:card\" content=\"summary_large_image\" \/>\n<meta name=\"twitter:label1\" content=\"Escrito por\" \/>\n\t<meta name=\"twitter:data1\" content=\"admin\" \/>\n\t<meta name=\"twitter:label2\" content=\"Tiempo de lectura\" \/>\n\t<meta name=\"twitter:data2\" content=\"3 minutos\" \/>\n<script type=\"application\/ld+json\" class=\"yoast-schema-graph\">{\"@context\":\"https:\\\/\\\/schema.org\",\"@graph\":[{\"@type\":\"Article\",\"@id\":\"https:\\\/\\\/informacionatiempo.com\\\/index.php\\\/2026\\\/09\\\/04\\\/rafael-louzan-desde-ceuta-espana-va-a-albergar-la-gran-final-del-mundial-de-2030\\\/#article\",\"isPartOf\":{\"@id\":\"https:\\\/\\\/informacionatiempo.com\\\/index.php\\\/2026\\\/09\\\/04\\\/rafael-louzan-desde-ceuta-espana-va-a-albergar-la-gran-final-del-mundial-de-2030\\\/\"},\"author\":{\"name\":\"admin\",\"@id\":\"https:\\\/\\\/informacionatiempo.com\\\/#\\\/schema\\\/person\\\/dc98ac6f230dc35b3c3cc69adefe53d6\"},\"headline\":\"Rafael Louz\u00e1n desde Ceuta: Espa\u00f1a va a albergar la gran final del Mundial de 2030\",\"datePublished\":\"2026-09-04T18:06:26+00:00\",\"dateModified\":\"2026-09-04T18:06:27+00:00\",\"mainEntityOfPage\":{\"@id\":\"https:\\\/\\\/informacionatiempo.com\\\/index.php\\\/2026\\\/09\\\/04\\\/rafael-louzan-desde-ceuta-espana-va-a-albergar-la-gran-final-del-mundial-de-2030\\\/\"},\"wordCount\":629,\"commentCount\":0,\"publisher\":{\"@id\":\"https:\\\/\\\/informacionatiempo.com\\\/#organization\"},\"image\":{\"@id\":\"https:\\\/\\\/informacionatiempo.com\\\/index.php\\\/2026\\\/09\\\/04\\\/rafael-louzan-desde-ceuta-espana-va-a-albergar-la-gran-final-del-mundial-de-2030\\\/#primaryimage\"},\"thumbnailUrl\":\"https:\\\/\\\/informacionatiempo.com\\\/wp-content\\\/uploads\\\/2026\\\/09\\\/rss-efedc9fd846c0f9caa98db6b018f899780f0660cae1w-1024x576-1.jpg\",\"articleSection\":[\"Deportes\"],\"inLanguage\":\"es\",\"potentialAction\":[{\"@type\":\"CommentAction\",\"name\":\"Comment\",\"target\":[\"https:\\\/\\\/informacionatiempo.com\\\/index.php\\\/2026\\\/09\\\/04\\\/rafael-louzan-desde-ceuta-espana-va-a-albergar-la-gran-final-del-mundial-de-2030\\\/#respond\"]}]},{\"@type\":\"WebPage\",\"@id\":\"https:\\\/\\\/informacionatiempo.com\\\/index.php\\\/2026\\\/09\\\/04\\\/rafael-louzan-desde-ceuta-espana-va-a-albergar-la-gran-final-del-mundial-de-2030\\\/\",\"url\":\"https:\\\/\\\/informacionatiempo.com\\\/index.php\\\/2026\\\/09\\\/04\\\/rafael-louzan-desde-ceuta-espana-va-a-albergar-la-gran-final-del-mundial-de-2030\\\/\",\"name\":\"Rafael Louz\u00e1n desde Ceuta: Espa\u00f1a va a albergar la gran final del Mundial de 2030 - Informacion a Tiempo\",\"isPartOf\":{\"@id\":\"https:\\\/\\\/informacionatiempo.com\\\/#website\"},\"primaryImageOfPage\":{\"@id\":\"https:\\\/\\\/informacionatiempo.com\\\/index.php\\\/2026\\\/09\\\/04\\\/rafael-louzan-desde-ceuta-espana-va-a-albergar-la-gran-final-del-mundial-de-2030\\\/#primaryimage\"},\"image\":{\"@id\":\"https:\\\/\\\/informacionatiempo.com\\\/index.php\\\/2026\\\/09\\\/04\\\/rafael-louzan-desde-ceuta-espana-va-a-albergar-la-gran-final-del-mundial-de-2030\\\/#primaryimage\"},\"thumbnailUrl\":\"https:\\\/\\\/informacionatiempo.com\\\/wp-content\\\/uploads\\\/2026\\\/09\\\/rss-efedc9fd846c0f9caa98db6b018f899780f0660cae1w-1024x576-1.jpg\",\"datePublished\":\"2026-09-04T18:06:26+00:00\",\"dateModified\":\"2026-09-04T18:06:27+00:00\",\"breadcrumb\":{\"@id\":\"https:\\\/\\\/informacionatiempo.com\\\/index.php\\\/2026\\\/09\\\/04\\\/rafael-louzan-desde-ceuta-espana-va-a-albergar-la-gran-final-del-mundial-de-2030\\\/#breadcrumb\"},\"inLanguage\":\"es\",\"potentialAction\":[{\"@type\":\"ReadAction\",\"target\":[\"https:\\\/\\\/informacionatiempo.com\\\/index.php\\\/2026\\\/09\\\/04\\\/rafael-louzan-desde-ceuta-espana-va-a-albergar-la-gran-final-del-mundial-de-2030\\\/\"]}]},{\"@type\":\"ImageObject\",\"inLanguage\":\"es\",\"@id\":\"https:\\\/\\\/informacionatiempo.com\\\/index.php\\\/2026\\\/09\\\/04\\\/rafael-louzan-desde-ceuta-espana-va-a-albergar-la-gran-final-del-mundial-de-2030\\\/#primaryimage\",\"url\":\"https:\\\/\\\/informacionatiempo.com\\\/wp-content\\\/uploads\\\/2026\\\/09\\\/rss-efedc9fd846c0f9caa98db6b018f899780f0660cae1w-1024x576-1.jpg\",\"contentUrl\":\"https:\\\/\\\/informacionatiempo.com\\\/wp-content\\\/uploads\\\/2026\\\/09\\\/rss-efedc9fd846c0f9caa98db6b018f899780f0660cae1w-1024x576-1.jpg\",\"width\":1024,\"height\":576,\"caption\":\"El presidente de la Real Federaci\u00f3n Espa\u00f1ola de F\u00fatbol (RFEF), Rafael Louz\u00e1n, ha insistido este viernes en Ceuta que Espa\u00f1a tiene que ser la sede de la final del Mundial de f\u00fatbol de 2030 porque \u0093es el mejor pa\u00eds de f\u00fatbol hoy en d\u00eda\u0094 pero con \u0093todo el respeto y el cari\u00f1o\u0094 hacia los que conforman la candidatura y que sea la FIFA \u0093la que adopte esa decisi\u00f3n\u0094. EFE\\\/Laura Rinc\u00f3n\"},{\"@type\":\"BreadcrumbList\",\"@id\":\"https:\\\/\\\/informacionatiempo.com\\\/index.php\\\/2026\\\/09\\\/04\\\/rafael-louzan-desde-ceuta-espana-va-a-albergar-la-gran-final-del-mundial-de-2030\\\/#breadcrumb\",\"itemListElement\":[{\"@type\":\"ListItem\",\"position\":1,\"name\":\"Portada\",\"item\":\"https:\\\/\\\/informacionatiempo.com\\\/\"},{\"@type\":\"ListItem\",\"position\":2,\"name\":\"Rafael Louz\u00e1n desde Ceuta: Espa\u00f1a va a albergar la gran final del Mundial de 2030\"}]},{\"@type\":\"WebSite\",\"@id\":\"https:\\\/\\\/informacionatiempo.com\\\/#website\",\"url\":\"https:\\\/\\\/informacionatiempo.com\\\/\",\"name\":\"Informacion a Tiempo\",\"description\":\"\",\"publisher\":{\"@id\":\"https:\\\/\\\/informacionatiempo.com\\\/#organization\"},\"potentialAction\":[{\"@type\":\"SearchAction\",\"target\":{\"@type\":\"EntryPoint\",\"urlTemplate\":\"https:\\\/\\\/informacionatiempo.com\\\/?s={search_term_string}\"},\"query-input\":{\"@type\":\"PropertyValueSpecification\",\"valueRequired\":true,\"valueName\":\"search_term_string\"}}],\"inLanguage\":\"es\"},{\"@type\":\"Organization\",\"@id\":\"https:\\\/\\\/informacionatiempo.com\\\/#organization\",\"name\":\"Informacion a Tiempo\",\"url\":\"https:\\\/\\\/informacionatiempo.com\\\/\",\"logo\":{\"@type\":\"ImageObject\",\"inLanguage\":\"es\",\"@id\":\"https:\\\/\\\/informacionatiempo.com\\\/#\\\/schema\\\/logo\\\/image\\\/\",\"url\":\"https:\\\/\\\/informacionatiempo.com\\\/wp-content\\\/uploads\\\/2024\\\/04\\\/LOGOTIPO-INFORMACION-A-TIEMPO-ngo.png\",\"contentUrl\":\"https:\\\/\\\/informacionatiempo.com\\\/wp-content\\\/uploads\\\/2024\\\/04\\\/LOGOTIPO-INFORMACION-A-TIEMPO-ngo.png\",\"width\":3000,\"height\":1282,\"caption\":\"Informacion a Tiempo\"},\"image\":{\"@id\":\"https:\\\/\\\/informacionatiempo.com\\\/#\\\/schema\\\/logo\\\/image\\\/\"}},{\"@type\":\"Person\",\"@id\":\"https:\\\/\\\/informacionatiempo.com\\\/#\\\/schema\\\/person\\\/dc98ac6f230dc35b3c3cc69adefe53d6\",\"name\":\"admin\",\"image\":{\"@type\":\"ImageObject\",\"inLanguage\":\"es\",\"@id\":\"https:\\\/\\\/secure.gravatar.com\\\/avatar\\\/3d0c9caacb01727b9e5a43062ac3de921de800e40a41035825c9150de2503e7d?s=96&d=mm&r=g\",\"url\":\"https:\\\/\\\/secure.gravatar.com\\\/avatar\\\/3d0c9caacb01727b9e5a43062ac3de921de800e40a41035825c9150de2503e7d?s=96&d=mm&r=g\",\"contentUrl\":\"https:\\\/\\\/secure.gravatar.com\\\/avatar\\\/3d0c9caacb01727b9e5a43062ac3de921de800e40a41035825c9150de2503e7d?s=96&d=mm&r=g\",\"caption\":\"admin\"},\"sameAs\":[\"https:\\\/\\\/informacionatiempo.com\"],\"url\":\"https:\\\/\\\/informacionatiempo.com\\\/index.php\\\/author\\\/admin\\\/\"}]}<\/script>\n<!-- \/ Yoast SEO plugin. -->","yoast_head_json":{"title":"Rafael Louz\u00e1n desde Ceuta: Espa\u00f1a va a albergar la gran final del Mundial de 2030 - Informacion a Tiempo","robots":{"index":"index","follow":"follow","max-snippet":"max-snippet:-1","max-image-preview":"max-image-preview:large","max-video-preview":"max-video-preview:-1"},"canonical":"https:\/\/informacionatiempo.com\/index.php\/2026\/09\/04\/rafael-louzan-desde-ceuta-espana-va-a-albergar-la-gran-final-del-mundial-de-2030\/","og_locale":"es_ES","og_type":"article","og_title":"Rafael Louz\u00e1n desde Ceuta: Espa\u00f1a va a albergar la gran final del Mundial de 2030 - Informacion a Tiempo","og_description":"Ceuta, 4 sep (EFE).- El presidente de la Real Federaci\u00f3n Espa\u00f1ola de F\u00fatbol (RFEF), Rafael Louz\u00e1n, ha destacado este viernes que no hay \u201cmejor sitio\u201d para que la Copa del Mundo conquistada este verano en Estados Unidos inicie su recorrido por Espa\u00f1a que Ceuta, \u201cporque esta ciudad ha demostrado que Espa\u00f1a es Ceuta\u201d. Rafael Louz\u00e1n [&hellip;]","og_url":"https:\/\/informacionatiempo.com\/index.php\/2026\/09\/04\/rafael-louzan-desde-ceuta-espana-va-a-albergar-la-gran-final-del-mundial-de-2030\/","og_site_name":"Informacion a Tiempo","article_published_time":"2026-09-04T18:06:26+00:00","article_modified_time":"2026-09-04T18:06:27+00:00","og_image":[{"width":1024,"height":576,"url":"https:\/\/informacionatiempo.com\/wp-content\/uploads\/2026\/09\/rss-efedc9fd846c0f9caa98db6b018f899780f0660cae1w-1024x576-1.jpg","type":"image\/jpeg"}],"author":"admin","twitter_card":"summary_large_image","twitter_misc":{"Escrito por":"admin","Tiempo de lectura":"3 minutos"},"schema":{"@context":"https:\/\/schema.org","@graph":[{"@type":"Article","@id":"https:\/\/informacionatiempo.com\/index.php\/2026\/09\/04\/rafael-louzan-desde-ceuta-espana-va-a-albergar-la-gran-final-del-mundial-de-2030\/#article","isPartOf":{"@id":"https:\/\/informacionatiempo.com\/index.php\/2026\/09\/04\/rafael-louzan-desde-ceuta-espana-va-a-albergar-la-gran-final-del-mundial-de-2030\/"},"author":{"name":"admin","@id":"https:\/\/informacionatiempo.com\/#\/schema\/person\/dc98ac6f230dc35b3c3cc69adefe53d6"},"headline":"Rafael Louz\u00e1n desde Ceuta: Espa\u00f1a va a albergar la gran final del Mundial de 2030","datePublished":"2026-09-04T18:06:26+00:00","dateModified":"2026-09-04T18:06:27+00:00","mainEntityOfPage":{"@id":"https:\/\/informacionatiempo.com\/index.php\/2026\/09\/04\/rafael-louzan-desde-ceuta-espana-va-a-albergar-la-gran-final-del-mundial-de-2030\/"},"wordCount":629,"commentCount":0,"publisher":{"@id":"https:\/\/informacionatiempo.com\/#organization"},"image":{"@id":"https:\/\/informacionatiempo.com\/index.php\/2026\/09\/04\/rafael-louzan-desde-ceuta-espana-va-a-albergar-la-gran-final-del-mundial-de-2030\/#primaryimage"},"thumbnailUrl":"https:\/\/informacionatiempo.com\/wp-content\/uploads\/2026\/09\/rss-efedc9fd846c0f9caa98db6b018f899780f0660cae1w-1024x576-1.jpg","articleSection":["Deportes"],"inLanguage":"es","potentialAction":[{"@type":"CommentAction","name":"Comment","target":["https:\/\/informacionatiempo.com\/index.php\/2026\/09\/04\/rafael-louzan-desde-ceuta-espana-va-a-albergar-la-gran-final-del-mundial-de-2030\/#respond"]}]},{"@type":"WebPage","@id":"https:\/\/informacionatiempo.com\/index.php\/2026\/09\/04\/rafael-louzan-desde-ceuta-espana-va-a-albergar-la-gran-final-del-mundial-de-2030\/","url":"https:\/\/informacionatiempo.com\/index.php\/2026\/09\/04\/rafael-louzan-desde-ceuta-espana-va-a-albergar-la-gran-final-del-mundial-de-2030\/","name":"Rafael Louz\u00e1n desde Ceuta: Espa\u00f1a va a albergar la gran final del Mundial de 2030 - Informacion a Tiempo","isPartOf":{"@id":"https:\/\/informacionatiempo.com\/#website"},"primaryImageOfPage":{"@id":"https:\/\/informacionatiempo.com\/index.php\/2026\/09\/04\/rafael-louzan-desde-ceuta-espana-va-a-albergar-la-gran-final-del-mundial-de-2030\/#primaryimage"},"image":{"@id":"https:\/\/informacionatiempo.com\/index.php\/2026\/09\/04\/rafael-louzan-desde-ceuta-espana-va-a-albergar-la-gran-final-del-mundial-de-2030\/#primaryimage"},"thumbnailUrl":"https:\/\/informacionatiempo.com\/wp-content\/uploads\/2026\/09\/rss-efedc9fd846c0f9caa98db6b018f899780f0660cae1w-1024x576-1.jpg","datePublished":"2026-09-04T18:06:26+00:00","dateModified":"2026-09-04T18:06:27+00:00","breadcrumb":{"@id":"https:\/\/informacionatiempo.com\/index.php\/2026\/09\/04\/rafael-louzan-desde-ceuta-espana-va-a-albergar-la-gran-final-del-mundial-de-2030\/#breadcrumb"},"inLanguage":"es","potentialAction":[{"@type":"ReadAction","target":["https:\/\/informacionatiempo.com\/index.php\/2026\/09\/04\/rafael-louzan-desde-ceuta-espana-va-a-albergar-la-gran-final-del-mundial-de-2030\/"]}]},{"@type":"ImageObject","inLanguage":"es","@id":"https:\/\/informacionatiempo.com\/index.php\/2026\/09\/04\/rafael-louzan-desde-ceuta-espana-va-a-albergar-la-gran-final-del-mundial-de-2030\/#primaryimage","url":"https:\/\/informacionatiempo.com\/wp-content\/uploads\/2026\/09\/rss-efedc9fd846c0f9caa98db6b018f899780f0660cae1w-1024x576-1.jpg","contentUrl":"https:\/\/informacionatiempo.com\/wp-content\/uploads\/2026\/09\/rss-efedc9fd846c0f9caa98db6b018f899780f0660cae1w-1024x576-1.jpg","width":1024,"height":576,"caption":"El presidente de la Real Federaci\u00f3n Espa\u00f1ola de F\u00fatbol (RFEF), Rafael Louz\u00e1n, ha insistido este viernes en Ceuta que Espa\u00f1a tiene que ser la sede de la final del Mundial de f\u00fatbol de 2030 porque \u0093es el mejor pa\u00eds de f\u00fatbol hoy en d\u00eda\u0094 pero con \u0093todo el respeto y el cari\u00f1o\u0094 hacia los que conforman la candidatura y que sea la FIFA \u0093la que adopte esa decisi\u00f3n\u0094. EFE\/Laura Rinc\u00f3n"},{"@type":"BreadcrumbList","@id":"https:\/\/informacionatiempo.com\/index.php\/2026\/09\/04\/rafael-louzan-desde-ceuta-espana-va-a-albergar-la-gran-final-del-mundial-de-2030\/#breadcrumb","itemListElement":[{"@type":"ListItem","position":1,"name":"Portada","item":"https:\/\/informacionatiempo.com\/"},{"@type":"ListItem","position":2,"name":"Rafael Louz\u00e1n desde Ceuta: Espa\u00f1a va a albergar la gran final del Mundial de 2030"}]},{"@type":"WebSite","@id":"https:\/\/informacionatiempo.com\/#website","url":"https:\/\/informacionatiempo.com\/","name":"Informacion a Tiempo","description":"","publisher":{"@id":"https:\/\/informacionatiempo.com\/#organization"},"potentialAction":[{"@type":"SearchAction","target":{"@type":"EntryPoint","urlTemplate":"https:\/\/informacionatiempo.com\/?s={search_term_string}"},"query-input":{"@type":"PropertyValueSpecification","valueRequired":true,"valueName":"search_term_string"}}],"inLanguage":"es"},{"@type":"Organization","@id":"https:\/\/informacionatiempo.com\/#organization","name":"Informacion a Tiempo","url":"https:\/\/informacionatiempo.com\/","logo":{"@type":"ImageObject","inLanguage":"es","@id":"https:\/\/informacionatiempo.com\/#\/schema\/logo\/image\/","url":"https:\/\/informacionatiempo.com\/wp-content\/uploads\/2024\/04\/LOGOTIPO-INFORMACION-A-TIEMPO-ngo.png","contentUrl":"https:\/\/informacionatiempo.com\/wp-content\/uploads\/2024\/04\/LOGOTIPO-INFORMACION-A-TIEMPO-ngo.png","width":3000,"height":1282,"caption":"Informacion a Tiempo"},"image":{"@id":"https:\/\/informacionatiempo.com\/#\/schema\/logo\/image\/"}},{"@type":"Person","@id":"https:\/\/informacionatiempo.com\/#\/schema\/person\/dc98ac6f230dc35b3c3cc69adefe53d6","name":"admin","image":{"@type":"ImageObject","inLanguage":"es","@id":"https:\/\/secure.gravatar.com\/avatar\/3d0c9caacb01727b9e5a43062ac3de921de800e40a41035825c9150de2503e7d?s=96&d=mm&r=g","url":"https:\/\/secure.gravatar.com\/avatar\/3d0c9caacb01727b9e5a43062ac3de921de800e40a41035825c9150de2503e7d?s=96&d=mm&r=g","contentUrl":"https:\/\/secure.gravatar.com\/avatar\/3d0c9caacb01727b9e5a43062ac3de921de800e40a41035825c9150de2503e7d?s=96&d=mm&r=g","caption":"admin"},"sameAs":["https:\/\/informacionatiempo.com"],"url":"https:\/\/informacionatiempo.com\/index.php\/author\/admin\/"}]}},"_links":{"self":[{"href":"https:\/\/informacionatiempo.com\/index.php\/wp-json\/wp\/v2\/posts\/99737","targetHints":{"allow":["GET"]}}],"collection":[{"href":"https:\/\/informacionatiempo.com\/index.php\/wp-json\/wp\/v2\/posts"}],"about":[{"href":"https:\/\/informacionatiempo.com\/index.php\/wp-json\/wp\/v2\/types\/post"}],"author":[{"embeddable":true,"href":"https:\/\/informacionatiempo.com\/index.php\/wp-json\/wp\/v2\/users\/1"}],"replies":[{"embeddable":true,"href":"https:\/\/informacionatiempo.com\/index.php\/wp-json\/wp\/v2\/comments?post=99737"}],"version-history":[{"count":1,"href":"https:\/\/informacionatiempo.com\/index.php\/wp-json\/wp\/v2\/posts\/99737\/revisions"}],"predecessor-version":[{"id":99739,"href":"https:\/\/informacionatiempo.com\/index.php\/wp-json\/wp\/v2\/posts\/99737\/revisions\/99739"}],"wp:featuredmedia":[{"embeddable":true,"href":"https:\/\/informacionatiempo.com\/index.php\/wp-json\/wp\/v2\/media\/99738"}],"wp:attachment":[{"href":"https:\/\/informacionatiempo.com\/index.php\/wp-json\/wp\/v2\/media?parent=99737"}],"wp:term":[{"taxonomy":"category","embeddable":true,"href":"https:\/\/informacionatiempo.com\/index.php\/wp-json\/wp\/v2\/categories?post=99737"},{"taxonomy":"post_tag","embeddable":true,"href":"https:\/\/informacionatiempo.com\/index.php\/wp-json\/wp\/v2\/tags?post=99737"}],"curies":[{"name":"wp","href":"https:\/\/api.w.org\/{rel}","templated":true}]}}